{"id":3428,"date":"2025-03-22T13:33:00","date_gmt":"2025-03-22T13:33:00","guid":{"rendered":"https:\/\/turismonoar.com.br\/?p=3428"},"modified":"2025-03-22T13:33:02","modified_gmt":"2025-03-22T13:33:02","slug":"ministerio-do-turismo-abre-inscricoes-para-cursos-gratuitos-em-parceria-com-o-senac","status":"publish","type":"post","link":"http:\/\/turismonoar.com.br\/index.php\/2025\/03\/22\/ministerio-do-turismo-abre-inscricoes-para-cursos-gratuitos-em-parceria-com-o-senac\/","title":{"rendered":"Minist\u00e9rio do Turismo abre inscri\u00e7\u00f5es para cursos gratuitos em parceria com o SENAC"},"content":{"rendered":"\n<p>Quem j\u00e1 atua ou tem interesse em atuar no setor tur\u00edstico tem uma nova oportunidade de qualifica\u00e7\u00e3o por meio da parceria entre o Minist\u00e9rio do Turismo e Servi\u00e7o Nacional de Aprendizagem Comercial (Senac). Est\u00e3o abertas as inscri\u00e7\u00f5es para 1.630 vagas em cursos gratuitos de qualifica\u00e7\u00e3o profissional para quem tem renda familiar per capita de at\u00e9 2 sal\u00e1rios m\u00ednimos mensais.<\/p>\n\n\n\n<p>Para participar, os candidatos devem preencher o formul\u00e1rio online (www.turismo.gov.br.) at\u00e9 o pr\u00f3ximo dia 27 de mar\u00e7o, escolhendo as forma\u00e7\u00f5es em \u00e1reas como \u201cQualidade no Atendimento ao Turista&#8221;, \u201cQualidade no Atendimento em Bares e Restaurantes\u201d, \u201cSupervis\u00e3o de Governan\u00e7a\u201d, \u201cCozinha Amaz\u00f4nica\u201d, entre outras quase 20 \u00e1reas de capacita\u00e7\u00e3o no setor de turismo.<\/p>\n\n\n\n<p>O ministro do Turismo, Celso Sabino, ressalta a import\u00e2ncia da parceria com o Senac e destaca as vantagens dessa oportunidade de qualifica\u00e7\u00e3o. \u201cAl\u00e9m de melhorar os curr\u00edculos dos profissionais, a qualifica\u00e7\u00e3o contribui para que cada vez mais turistas sejam bem atendidos nos destinos brasileiros, voltem e recomendem os locais visitados. Isso resulta em alta movimenta\u00e7\u00e3o das economias locais, favorecendo a gera\u00e7\u00e3o de emprego e renda \u00e0 popula\u00e7\u00e3o. Convido os profissionais do setor a n\u00e3o perderem a chance de aprimorar os seus conhecimentos e, com isso, ingressar no mercado ou pleitear novas oportunidades\u201d, refor\u00e7a.<\/p>\n\n\n\n<p>Para participar os candidatos precisam ter, pelo menos, o ensino fundamental incompleto, mas alguns cursos exigem pr\u00e9-requisitos espec\u00edficos e de escolaridade, que podem ser consultados no ato da inscri\u00e7\u00e3o.<br>Ser\u00e1 aceita apenas uma inscri\u00e7\u00e3o por candidato, em um \u00fanico curso, e o crit\u00e9rio adotado para a classifica\u00e7\u00e3o dos candidatos ser\u00e1 por ordem de inscri\u00e7\u00e3o. Os candidatos classificados ap\u00f3s o n\u00famero de vagas ofertadas em cada ciclo ter\u00e3o seus nomes inclu\u00eddos em uma lista de espera.<\/p>\n\n\n\n<p>Os candidatos inscritos que n\u00e3o comparecerem para efetuar a matr\u00edcula ser\u00e3o automaticamente eliminados. As matr\u00edculas acontecer\u00e3o apenas presencialmente nos locais de oferta informados no formul\u00e1rio de inscri\u00e7\u00e3o.<br><br>Al\u00e9m das disciplinas t\u00e9cnicas, os cursos do MTur\/SENAC tamb\u00e9m abrangem idiomas como ingl\u00eas e espanhol, nos n\u00edveis b\u00e1sico e instrumental (leitura e interpreta\u00e7\u00e3o de textos), que s\u00e3o de fundamental import\u00e2ncia para o atendimento tur\u00edstico.<\/p>\n\n\n\n<p><strong>CRONOGRAMA \u2013<\/strong>&nbsp;As inscri\u00e7\u00f5es nos cursos devem ser realizadas entre os dias 17 a 27 de mar\u00e7o, at\u00e9 \u00e0s 18h00. De 25 a 31 de mar\u00e7o ser\u00e3o feitas as matr\u00edculas de quem se inscreveu at\u00e9 23 de mar\u00e7o, e de 1 a 17 de abril ser\u00e3o as matr\u00edculas de quem se inscreveu entre 23 e 27 de mar\u00e7o.<\/p>\n\n\n\n<p>Fonte. MTur<\/p>\n","protected":false},"excerpt":{"rendered":"<p>Quem j\u00e1 atua ou tem interesse em atuar no setor tur\u00edstico tem uma nova oportunidade de qualifica\u00e7\u00e3o por meio da<\/p>\n","protected":false},"author":1,"featured_media":3429,"comment_status":"open","ping_status":"open","sticky":false,"template":"","format":"standard","meta":[],"categories":[354],"tags":[],"yoast_head":"<!-- This site is optimized with the Yoast SEO plugin v17.0 - https:\/\/yoast.com\/wordpress\/plugins\/seo\/ -->\n<title>Minist\u00e9rio do Turismo abre inscri\u00e7\u00f5es para cursos gratuitos em parceria com o SENAC - Turismo no Ar<\/title>\n<meta name=\"robots\" content=\"index, follow, max-snippet:-1, max-image-preview:large, max-video-preview:-1\" \/>\n<link rel=\"canonical\" href=\"http:\/\/turismonoar.com.br\/index.php\/2025\/03\/22\/ministerio-do-turismo-abre-inscricoes-para-cursos-gratuitos-em-parceria-com-o-senac\/\" \/>\n<meta property=\"og:locale\" content=\"pt_BR\" \/>\n<meta property=\"og:type\" content=\"article\" \/>\n<meta property=\"og:title\" content=\"Minist\u00e9rio do Turismo abre inscri\u00e7\u00f5es para cursos gratuitos em parceria com o SENAC - Turismo no Ar\" \/>\n<meta property=\"og:description\" content=\"Quem j\u00e1 atua ou tem interesse em atuar no setor tur\u00edstico tem uma nova oportunidade de qualifica\u00e7\u00e3o por meio da\" \/>\n<meta property=\"og:url\" content=\"http:\/\/turismonoar.com.br\/index.php\/2025\/03\/22\/ministerio-do-turismo-abre-inscricoes-para-cursos-gratuitos-em-parceria-com-o-senac\/\" \/>\n<meta property=\"og:site_name\" content=\"Turismo no Ar\" \/>\n<meta property=\"article:published_time\" content=\"2025-03-22T13:33:00+00:00\" \/>\n<meta property=\"article:modified_time\" content=\"2025-03-22T13:33:02+00:00\" \/>\n<meta property=\"og:image\" content=\"http:\/\/turismonoar.com.br\/wp-content\/uploads\/2025\/03\/Cursos-MTur-Senac.jpeg\" \/>\n\t<meta property=\"og:image:width\" content=\"768\" \/>\n\t<meta property=\"og:image:height\" content=\"434\" \/>\n<meta name=\"twitter:card\" content=\"summary_large_image\" \/>\n<meta name=\"twitter:label1\" content=\"Escrito por\" \/>\n\t<meta name=\"twitter:data1\" content=\"X3C6tkkG0W\" \/>\n\t<meta name=\"twitter:label2\" content=\"Est. tempo de leitura\" \/>\n\t<meta name=\"twitter:data2\" content=\"2 minutos\" \/>\n<script type=\"application\/ld+json\" class=\"yoast-schema-graph\">{\"@context\":\"https:\/\/schema.org\",\"@graph\":[{\"@type\":\"WebSite\",\"@id\":\"http:\/\/turismonoar.com.br\/#website\",\"url\":\"http:\/\/turismonoar.com.br\/\",\"name\":\"Turismo no Ar\",\"description\":\"Por Paulo Lopes\",\"potentialAction\":[{\"@type\":\"SearchAction\",\"target\":{\"@type\":\"EntryPoint\",\"urlTemplate\":\"http:\/\/turismonoar.com.br\/?s={search_term_string}\"},\"query-input\":\"required name=search_term_string\"}],\"inLanguage\":\"pt-BR\"},{\"@type\":\"ImageObject\",\"@id\":\"http:\/\/turismonoar.com.br\/index.php\/2025\/03\/22\/ministerio-do-turismo-abre-inscricoes-para-cursos-gratuitos-em-parceria-com-o-senac\/#primaryimage\",\"inLanguage\":\"pt-BR\",\"url\":\"http:\/\/turismonoar.com.br\/wp-content\/uploads\/2025\/03\/Cursos-MTur-Senac.jpeg\",\"contentUrl\":\"http:\/\/turismonoar.com.br\/wp-content\/uploads\/2025\/03\/Cursos-MTur-Senac.jpeg\",\"width\":768,\"height\":434},{\"@type\":\"WebPage\",\"@id\":\"http:\/\/turismonoar.com.br\/index.php\/2025\/03\/22\/ministerio-do-turismo-abre-inscricoes-para-cursos-gratuitos-em-parceria-com-o-senac\/#webpage\",\"url\":\"http:\/\/turismonoar.com.br\/index.php\/2025\/03\/22\/ministerio-do-turismo-abre-inscricoes-para-cursos-gratuitos-em-parceria-com-o-senac\/\",\"name\":\"Minist\\u00e9rio do Turismo abre inscri\\u00e7\\u00f5es para cursos gratuitos em parceria com o SENAC - Turismo no Ar\",\"isPartOf\":{\"@id\":\"http:\/\/turismonoar.com.br\/#website\"},\"primaryImageOfPage\":{\"@id\":\"http:\/\/turismonoar.com.br\/index.php\/2025\/03\/22\/ministerio-do-turismo-abre-inscricoes-para-cursos-gratuitos-em-parceria-com-o-senac\/#primaryimage\"},\"datePublished\":\"2025-03-22T13:33:00+00:00\",\"dateModified\":\"2025-03-22T13:33:02+00:00\",\"author\":{\"@id\":\"http:\/\/turismonoar.com.br\/#\/schema\/person\/052de1f2f2aa889d818e50dd32173c22\"},\"breadcrumb\":{\"@id\":\"http:\/\/turismonoar.com.br\/index.php\/2025\/03\/22\/ministerio-do-turismo-abre-inscricoes-para-cursos-gratuitos-em-parceria-com-o-senac\/#breadcrumb\"},\"inLanguage\":\"pt-BR\",\"potentialAction\":[{\"@type\":\"ReadAction\",\"target\":[\"http:\/\/turismonoar.com.br\/index.php\/2025\/03\/22\/ministerio-do-turismo-abre-inscricoes-para-cursos-gratuitos-em-parceria-com-o-senac\/\"]}]},{\"@type\":\"BreadcrumbList\",\"@id\":\"http:\/\/turismonoar.com.br\/index.php\/2025\/03\/22\/ministerio-do-turismo-abre-inscricoes-para-cursos-gratuitos-em-parceria-com-o-senac\/#breadcrumb\",\"itemListElement\":[{\"@type\":\"ListItem\",\"position\":1,\"name\":\"In\\u00edcio\",\"item\":\"http:\/\/turismonoar.com.br\/\"},{\"@type\":\"ListItem\",\"position\":2,\"name\":\"Minist\\u00e9rio do Turismo abre inscri\\u00e7\\u00f5es para cursos gratuitos em parceria com o SENAC\"}]},{\"@type\":\"Person\",\"@id\":\"http:\/\/turismonoar.com.br\/#\/schema\/person\/052de1f2f2aa889d818e50dd32173c22\",\"name\":\"X3C6tkkG0W\",\"image\":{\"@type\":\"ImageObject\",\"@id\":\"http:\/\/turismonoar.com.br\/#personlogo\",\"inLanguage\":\"pt-BR\",\"url\":\"http:\/\/0.gravatar.com\/avatar\/0d27a46a9fb82109c8ff4630af358828?s=96&d=mm&r=g\",\"contentUrl\":\"http:\/\/0.gravatar.com\/avatar\/0d27a46a9fb82109c8ff4630af358828?s=96&d=mm&r=g\",\"caption\":\"X3C6tkkG0W\"},\"sameAs\":[\"http:\/\/turismonoar.com.br\"],\"url\":\"http:\/\/turismonoar.com.br\/index.php\/author\/x3c6tkkg0w\/\"}]}<\/script>\n<!-- \/ Yoast SEO plugin. -->","yoast_head_json":{"title":"Minist\u00e9rio do Turismo abre inscri\u00e7\u00f5es para cursos gratuitos em parceria com o SENAC - Turismo no Ar","robots":{"index":"index","follow":"follow","max-snippet":"max-snippet:-1","max-image-preview":"max-image-preview:large","max-video-preview":"max-video-preview:-1"},"canonical":"http:\/\/turismonoar.com.br\/index.php\/2025\/03\/22\/ministerio-do-turismo-abre-inscricoes-para-cursos-gratuitos-em-parceria-com-o-senac\/","og_locale":"pt_BR","og_type":"article","og_title":"Minist\u00e9rio do Turismo abre inscri\u00e7\u00f5es para cursos gratuitos em parceria com o SENAC - Turismo no Ar","og_description":"Quem j\u00e1 atua ou tem interesse em atuar no setor tur\u00edstico tem uma nova oportunidade de qualifica\u00e7\u00e3o por meio da","og_url":"http:\/\/turismonoar.com.br\/index.php\/2025\/03\/22\/ministerio-do-turismo-abre-inscricoes-para-cursos-gratuitos-em-parceria-com-o-senac\/","og_site_name":"Turismo no Ar","article_published_time":"2025-03-22T13:33:00+00:00","article_modified_time":"2025-03-22T13:33:02+00:00","og_image":[{"width":768,"height":434,"url":"http:\/\/turismonoar.com.br\/wp-content\/uploads\/2025\/03\/Cursos-MTur-Senac.jpeg","path":"\/home\/turismo\/public_html\/wp-content\/uploads\/2025\/03\/Cursos-MTur-Senac.jpeg","size":"full","id":3429,"alt":"","pixels":333312,"type":"image\/jpeg"}],"twitter_card":"summary_large_image","twitter_misc":{"Escrito por":"X3C6tkkG0W","Est. tempo de leitura":"2 minutos"},"schema":{"@context":"https:\/\/schema.org","@graph":[{"@type":"WebSite","@id":"http:\/\/turismonoar.com.br\/#website","url":"http:\/\/turismonoar.com.br\/","name":"Turismo no Ar","description":"Por Paulo Lopes","potentialAction":[{"@type":"SearchAction","target":{"@type":"EntryPoint","urlTemplate":"http:\/\/turismonoar.com.br\/?s={search_term_string}"},"query-input":"required name=search_term_string"}],"inLanguage":"pt-BR"},{"@type":"ImageObject","@id":"http:\/\/turismonoar.com.br\/index.php\/2025\/03\/22\/ministerio-do-turismo-abre-inscricoes-para-cursos-gratuitos-em-parceria-com-o-senac\/#primaryimage","inLanguage":"pt-BR","url":"http:\/\/turismonoar.com.br\/wp-content\/uploads\/2025\/03\/Cursos-MTur-Senac.jpeg","contentUrl":"http:\/\/turismonoar.com.br\/wp-content\/uploads\/2025\/03\/Cursos-MTur-Senac.jpeg","width":768,"height":434},{"@type":"WebPage","@id":"http:\/\/turismonoar.com.br\/index.php\/2025\/03\/22\/ministerio-do-turismo-abre-inscricoes-para-cursos-gratuitos-em-parceria-com-o-senac\/#webpage","url":"http:\/\/turismonoar.com.br\/index.php\/2025\/03\/22\/ministerio-do-turismo-abre-inscricoes-para-cursos-gratuitos-em-parceria-com-o-senac\/","name":"Minist\u00e9rio do Turismo abre inscri\u00e7\u00f5es para cursos gratuitos em parceria com o SENAC - Turismo no Ar","isPartOf":{"@id":"http:\/\/turismonoar.com.br\/#website"},"primaryImageOfPage":{"@id":"http:\/\/turismonoar.com.br\/index.php\/2025\/03\/22\/ministerio-do-turismo-abre-inscricoes-para-cursos-gratuitos-em-parceria-com-o-senac\/#primaryimage"},"datePublished":"2025-03-22T13:33:00+00:00","dateModified":"2025-03-22T13:33:02+00:00","author":{"@id":"http:\/\/turismonoar.com.br\/#\/schema\/person\/052de1f2f2aa889d818e50dd32173c22"},"breadcrumb":{"@id":"http:\/\/turismonoar.com.br\/index.php\/2025\/03\/22\/ministerio-do-turismo-abre-inscricoes-para-cursos-gratuitos-em-parceria-com-o-senac\/#breadcrumb"},"inLanguage":"pt-BR","potentialAction":[{"@type":"ReadAction","target":["http:\/\/turismonoar.com.br\/index.php\/2025\/03\/22\/ministerio-do-turismo-abre-inscricoes-para-cursos-gratuitos-em-parceria-com-o-senac\/"]}]},{"@type":"BreadcrumbList","@id":"http:\/\/turismonoar.com.br\/index.php\/2025\/03\/22\/ministerio-do-turismo-abre-inscricoes-para-cursos-gratuitos-em-parceria-com-o-senac\/#breadcrumb","itemListElement":[{"@type":"ListItem","position":1,"name":"In\u00edcio","item":"http:\/\/turismonoar.com.br\/"},{"@type":"ListItem","position":2,"name":"Minist\u00e9rio do Turismo abre inscri\u00e7\u00f5es para cursos gratuitos em parceria com o SENAC"}]},{"@type":"Person","@id":"http:\/\/turismonoar.com.br\/#\/schema\/person\/052de1f2f2aa889d818e50dd32173c22","name":"X3C6tkkG0W","image":{"@type":"ImageObject","@id":"http:\/\/turismonoar.com.br\/#personlogo","inLanguage":"pt-BR","url":"http:\/\/0.gravatar.com\/avatar\/0d27a46a9fb82109c8ff4630af358828?s=96&d=mm&r=g","contentUrl":"http:\/\/0.gravatar.com\/avatar\/0d27a46a9fb82109c8ff4630af358828?s=96&d=mm&r=g","caption":"X3C6tkkG0W"},"sameAs":["http:\/\/turismonoar.com.br"],"url":"http:\/\/turismonoar.com.br\/index.php\/author\/x3c6tkkg0w\/"}]}},"cc_featured_image_caption":{"caption_text":"Oportunidades de capacita\u00e7\u00e3o na modalidade presencial est\u00e3o distribu\u00eddas em 1.630 vagas, ofertadas em 23 estados da federa\u00e7\u00e3o, em todas as regi\u00f5es do pa\u00eds. Interessados devem preencher formul\u00e1rio online at\u00e9 o dia 27 de mar\u00e7o. Imagem: Freepik\r\n\r\n","source_text":"","source_url":""},"_links":{"self":[{"href":"http:\/\/turismonoar.com.br\/index.php\/wp-json\/wp\/v2\/posts\/3428"}],"collection":[{"href":"http:\/\/turismonoar.com.br\/index.php\/wp-json\/wp\/v2\/posts"}],"about":[{"href":"http:\/\/turismonoar.com.br\/index.php\/wp-json\/wp\/v2\/types\/post"}],"author":[{"embeddable":true,"href":"http:\/\/turismonoar.com.br\/index.php\/wp-json\/wp\/v2\/users\/1"}],"replies":[{"embeddable":true,"href":"http:\/\/turismonoar.com.br\/index.php\/wp-json\/wp\/v2\/comments?post=3428"}],"version-history":[{"count":1,"href":"http:\/\/turismonoar.com.br\/index.php\/wp-json\/wp\/v2\/posts\/3428\/revisions"}],"predecessor-version":[{"id":3430,"href":"http:\/\/turismonoar.com.br\/index.php\/wp-json\/wp\/v2\/posts\/3428\/revisions\/3430"}],"wp:featuredmedia":[{"embeddable":true,"href":"http:\/\/turismonoar.com.br\/index.php\/wp-json\/wp\/v2\/media\/3429"}],"wp:attachment":[{"href":"http:\/\/turismonoar.com.br\/index.php\/wp-json\/wp\/v2\/media?parent=3428"}],"wp:term":[{"taxonomy":"category","embeddable":true,"href":"http:\/\/turismonoar.com.br\/index.php\/wp-json\/wp\/v2\/categories?post=3428"},{"taxonomy":"post_tag","embeddable":true,"href":"http:\/\/turismonoar.com.br\/index.php\/wp-json\/wp\/v2\/tags?post=3428"}],"curies":[{"name":"wp","href":"https:\/\/api.w.org\/{rel}","templated":true}]}}