{"id":4515,"date":"2026-03-11T15:38:52","date_gmt":"2026-03-11T15:38:52","guid":{"rendered":"http:\/\/turismonoar.com.br\/?p=4515"},"modified":"2026-03-11T15:40:33","modified_gmt":"2026-03-11T15:40:33","slug":"memorias-de-um-secretario-de-turismo-quando-touros-celebrou-o-abacaxi","status":"publish","type":"post","link":"http:\/\/turismonoar.com.br\/index.php\/2026\/03\/11\/memorias-de-um-secretario-de-turismo-quando-touros-celebrou-o-abacaxi\/","title":{"rendered":"Mem\u00f3rias de um secret\u00e1rio de turismo: quando Touros celebrou o abacaxi"},"content":{"rendered":"\n<p>H\u00e1 hist\u00f3rias do turismo que n\u00e3o come\u00e7am em aeroportos, hot\u00e9is ou resorts.<br>\u00c0s vezes, come\u00e7am no ro\u00e7ado.<\/p>\n\n\n\n<p>No in\u00edcio dos anos 2000, quando eu Paulo Lopes assumi a Secretaria de Turismo de Touros, no litoral norte do Rio Grande do Norte, o munic\u00edpio era conhecido por dois s\u00edmbolos fortes: o imponente <strong>Farol do Calcanhar<\/strong>, considerado o maior farol da Am\u00e9rica Latina, e a posi\u00e7\u00e3o geogr\u00e1fica que nos rendeu o apelido de <strong>Esquina do Continente<\/strong>.<\/p>\n\n\n\n<p>Mas havia outra riqueza espalhada pela paisagem: o abacaxi.<\/p>\n\n\n\n<p>Naquela \u00e9poca, Touros vivia um auge na produ\u00e7\u00e3o da fruta. Os ro\u00e7ados se multiplicavam pela regi\u00e3o e o munic\u00edpio figurava entre os maiores produtores do estado. O abacaxi sustentava fam\u00edlias, movimentava a economia rural e fazia parte da identidade local.<\/p>\n\n\n\n<p>Foi numa dessas conversas com produtores e lideran\u00e7as da regi\u00e3o que surgiu uma ideia aparentemente simples:<\/p>\n\n\n\n<p>E se a gente transformasse o abacaxi em festa?<\/p>\n\n\n\n<p>A proposta parecia ousada para um munic\u00edpio pequeno. Mas no turismo, muitas vezes as boas ideias nascem exatamente daquilo que j\u00e1 faz parte da vida das pessoas.<\/p>\n\n\n\n<p>Come\u00e7amos ent\u00e3o a articular o que viria a ser o <strong>Festival do Abacaxi de Touros<\/strong>.<\/p>\n\n\n\n<p>N\u00e3o foi algo que surgiu de um dia para o outro. Foi constru\u00e7\u00e3o coletiva. Buscamos apoio institucional, mobilizamos a iniciativa privada e contamos com parceiros importantes, como a <strong>Empresa de Assist\u00eancia T\u00e9cnica e Extens\u00e3o Rural do Rio Grande do Norte (EMATER)<\/strong>, que ajudou a fortalecer a liga\u00e7\u00e3o entre agricultura e evento cultural.<\/p>\n\n\n\n<p>A cada reuni\u00e3o, o projeto ganhava corpo.<\/p>\n\n\n\n<p>At\u00e9 que chegou o dia de montar o palco.<\/p>\n\n\n\n<p>E n\u00e3o era um palco qualquer. Conseguimos o apoio da Secretaria de Turismo de Natal, que nos cedeu uma grande estrutura montada <strong>na beira da praia<\/strong>, transformando o litoral de Touros em um verdadeiro cen\u00e1rio de celebra\u00e7\u00e3o.<\/p>\n\n\n\n<p>O festival ganhou m\u00fasica, gastronomia e cultura popular.<br>Mas o momento mais emblem\u00e1tico foi a apresenta\u00e7\u00e3o da <strong>Orquestra Sanf\u00f4nica de Campina Grande (PB)<\/strong>, reunindo dezenas de sanfoneiros em um espet\u00e1culo que misturava tradi\u00e7\u00e3o nordestina e emo\u00e7\u00e3o coletiva.<\/p>\n\n\n\n<p>O vento do litoral soprava forte.<br>O som das sanfonas ecoava pela noite.<br>E, espalhado pelas barracas e mesas, estava o verdadeiro protagonista da festa: o abacaxi de Touros.<\/p>\n\n\n\n<p>Naquele momento talvez poucos percebessem, mas a cidade estava experimentando algo que hoje se tornou tend\u00eancia no mundo inteiro: transformar identidade local em experi\u00eancia tur\u00edstica.<\/p>\n\n\n\n<p>Hoje se fala muito em turismo de base comunit\u00e1ria, turismo de experi\u00eancia, economia criativa.<\/p>\n\n\n\n<p>Mas l\u00e1 atr\u00e1s, em Touros, a l\u00f3gica j\u00e1 era essa &#8211; mesmo que ainda n\u00e3o tivesse nome sofisticado.<\/p>\n\n\n\n<p>A li\u00e7\u00e3o que ficou daquele festival \u00e9 simples e poderosa:<\/p>\n\n\n\n<p>O turismo n\u00e3o nasce apenas da paisagem.<br>Nasce daquilo que o povo planta, colhe e celebra.<\/p>\n\n\n\n<p>E naquela \u00e9poca, no litoral norte do Rio Grande do Norte, o turismo tamb\u00e9m nasceu entre fileiras de abacaxi.<\/p>\n","protected":false},"excerpt":{"rendered":"<p>H\u00e1 hist\u00f3rias do turismo que n\u00e3o come\u00e7am em aeroportos, hot\u00e9is ou resorts.\u00c0s vezes, come\u00e7am no ro\u00e7ado. No in\u00edcio dos anos<\/p>\n","protected":false},"author":1,"featured_media":4516,"comment_status":"open","ping_status":"open","sticky":false,"template":"","format":"standard","meta":[],"categories":[297],"tags":[],"yoast_head":"<!-- This site is optimized with the Yoast SEO plugin v17.0 - https:\/\/yoast.com\/wordpress\/plugins\/seo\/ -->\n<title>Mem\u00f3rias de um secret\u00e1rio de turismo: quando Touros celebrou o abacaxi - Turismo no Ar<\/title>\n<meta name=\"robots\" content=\"index, follow, max-snippet:-1, max-image-preview:large, max-video-preview:-1\" \/>\n<link rel=\"canonical\" href=\"https:\/\/turismonoar.com.br\/index.php\/2026\/03\/11\/memorias-de-um-secretario-de-turismo-quando-touros-celebrou-o-abacaxi\/\" \/>\n<meta property=\"og:locale\" content=\"pt_BR\" \/>\n<meta property=\"og:type\" content=\"article\" \/>\n<meta property=\"og:title\" content=\"Mem\u00f3rias de um secret\u00e1rio de turismo: quando Touros celebrou o abacaxi - Turismo no Ar\" \/>\n<meta property=\"og:description\" content=\"H\u00e1 hist\u00f3rias do turismo que n\u00e3o come\u00e7am em aeroportos, hot\u00e9is ou resorts.\u00c0s vezes, come\u00e7am no ro\u00e7ado. No in\u00edcio dos anos\" \/>\n<meta property=\"og:url\" content=\"https:\/\/turismonoar.com.br\/index.php\/2026\/03\/11\/memorias-de-um-secretario-de-turismo-quando-touros-celebrou-o-abacaxi\/\" \/>\n<meta property=\"og:site_name\" content=\"Turismo no Ar\" \/>\n<meta property=\"article:published_time\" content=\"2026-03-11T15:38:52+00:00\" \/>\n<meta property=\"article:modified_time\" content=\"2026-03-11T15:40:33+00:00\" \/>\n<meta property=\"og:image\" content=\"http:\/\/turismonoar.com.br\/wp-content\/uploads\/2026\/03\/Touros-RN.jpeg\" \/>\n\t<meta property=\"og:image:width\" content=\"751\" \/>\n\t<meta property=\"og:image:height\" content=\"377\" \/>\n<meta name=\"twitter:card\" content=\"summary_large_image\" \/>\n<meta name=\"twitter:label1\" content=\"Escrito por\" \/>\n\t<meta name=\"twitter:data1\" content=\"X3C6tkkG0W\" \/>\n\t<meta name=\"twitter:label2\" content=\"Est. tempo de leitura\" \/>\n\t<meta name=\"twitter:data2\" content=\"3 minutos\" \/>\n<script type=\"application\/ld+json\" class=\"yoast-schema-graph\">{\"@context\":\"https:\/\/schema.org\",\"@graph\":[{\"@type\":\"WebSite\",\"@id\":\"http:\/\/turismonoar.com.br\/#website\",\"url\":\"http:\/\/turismonoar.com.br\/\",\"name\":\"Turismo no Ar\",\"description\":\"Por Paulo Lopes\",\"potentialAction\":[{\"@type\":\"SearchAction\",\"target\":{\"@type\":\"EntryPoint\",\"urlTemplate\":\"http:\/\/turismonoar.com.br\/?s={search_term_string}\"},\"query-input\":\"required name=search_term_string\"}],\"inLanguage\":\"pt-BR\"},{\"@type\":\"ImageObject\",\"@id\":\"https:\/\/turismonoar.com.br\/index.php\/2026\/03\/11\/memorias-de-um-secretario-de-turismo-quando-touros-celebrou-o-abacaxi\/#primaryimage\",\"inLanguage\":\"pt-BR\",\"url\":\"http:\/\/turismonoar.com.br\/wp-content\/uploads\/2026\/03\/Touros-RN.jpeg\",\"contentUrl\":\"http:\/\/turismonoar.com.br\/wp-content\/uploads\/2026\/03\/Touros-RN.jpeg\",\"width\":751,\"height\":377},{\"@type\":\"WebPage\",\"@id\":\"https:\/\/turismonoar.com.br\/index.php\/2026\/03\/11\/memorias-de-um-secretario-de-turismo-quando-touros-celebrou-o-abacaxi\/#webpage\",\"url\":\"https:\/\/turismonoar.com.br\/index.php\/2026\/03\/11\/memorias-de-um-secretario-de-turismo-quando-touros-celebrou-o-abacaxi\/\",\"name\":\"Mem\\u00f3rias de um secret\\u00e1rio de turismo: quando Touros celebrou o abacaxi - Turismo no Ar\",\"isPartOf\":{\"@id\":\"http:\/\/turismonoar.com.br\/#website\"},\"primaryImageOfPage\":{\"@id\":\"https:\/\/turismonoar.com.br\/index.php\/2026\/03\/11\/memorias-de-um-secretario-de-turismo-quando-touros-celebrou-o-abacaxi\/#primaryimage\"},\"datePublished\":\"2026-03-11T15:38:52+00:00\",\"dateModified\":\"2026-03-11T15:40:33+00:00\",\"author\":{\"@id\":\"http:\/\/turismonoar.com.br\/#\/schema\/person\/052de1f2f2aa889d818e50dd32173c22\"},\"breadcrumb\":{\"@id\":\"https:\/\/turismonoar.com.br\/index.php\/2026\/03\/11\/memorias-de-um-secretario-de-turismo-quando-touros-celebrou-o-abacaxi\/#breadcrumb\"},\"inLanguage\":\"pt-BR\",\"potentialAction\":[{\"@type\":\"ReadAction\",\"target\":[\"https:\/\/turismonoar.com.br\/index.php\/2026\/03\/11\/memorias-de-um-secretario-de-turismo-quando-touros-celebrou-o-abacaxi\/\"]}]},{\"@type\":\"BreadcrumbList\",\"@id\":\"https:\/\/turismonoar.com.br\/index.php\/2026\/03\/11\/memorias-de-um-secretario-de-turismo-quando-touros-celebrou-o-abacaxi\/#breadcrumb\",\"itemListElement\":[{\"@type\":\"ListItem\",\"position\":1,\"name\":\"In\\u00edcio\",\"item\":\"http:\/\/turismonoar.com.br\/\"},{\"@type\":\"ListItem\",\"position\":2,\"name\":\"Mem\\u00f3rias de um secret\\u00e1rio de turismo: quando Touros celebrou o abacaxi\"}]},{\"@type\":\"Person\",\"@id\":\"http:\/\/turismonoar.com.br\/#\/schema\/person\/052de1f2f2aa889d818e50dd32173c22\",\"name\":\"X3C6tkkG0W\",\"image\":{\"@type\":\"ImageObject\",\"@id\":\"http:\/\/turismonoar.com.br\/#personlogo\",\"inLanguage\":\"pt-BR\",\"url\":\"http:\/\/0.gravatar.com\/avatar\/0d27a46a9fb82109c8ff4630af358828?s=96&d=mm&r=g\",\"contentUrl\":\"http:\/\/0.gravatar.com\/avatar\/0d27a46a9fb82109c8ff4630af358828?s=96&d=mm&r=g\",\"caption\":\"X3C6tkkG0W\"},\"sameAs\":[\"http:\/\/turismonoar.com.br\"],\"url\":\"http:\/\/turismonoar.com.br\/index.php\/author\/x3c6tkkg0w\/\"}]}<\/script>\n<!-- \/ Yoast SEO plugin. -->","yoast_head_json":{"title":"Mem\u00f3rias de um secret\u00e1rio de turismo: quando Touros celebrou o abacaxi - Turismo no Ar","robots":{"index":"index","follow":"follow","max-snippet":"max-snippet:-1","max-image-preview":"max-image-preview:large","max-video-preview":"max-video-preview:-1"},"canonical":"https:\/\/turismonoar.com.br\/index.php\/2026\/03\/11\/memorias-de-um-secretario-de-turismo-quando-touros-celebrou-o-abacaxi\/","og_locale":"pt_BR","og_type":"article","og_title":"Mem\u00f3rias de um secret\u00e1rio de turismo: quando Touros celebrou o abacaxi - Turismo no Ar","og_description":"H\u00e1 hist\u00f3rias do turismo que n\u00e3o come\u00e7am em aeroportos, hot\u00e9is ou resorts.\u00c0s vezes, come\u00e7am no ro\u00e7ado. No in\u00edcio dos anos","og_url":"https:\/\/turismonoar.com.br\/index.php\/2026\/03\/11\/memorias-de-um-secretario-de-turismo-quando-touros-celebrou-o-abacaxi\/","og_site_name":"Turismo no Ar","article_published_time":"2026-03-11T15:38:52+00:00","article_modified_time":"2026-03-11T15:40:33+00:00","og_image":[{"width":751,"height":377,"url":"http:\/\/turismonoar.com.br\/wp-content\/uploads\/2026\/03\/Touros-RN.jpeg","path":"\/home\/turismo\/public_html\/wp-content\/uploads\/2026\/03\/Touros-RN.jpeg","size":"full","id":4516,"alt":"","pixels":283127,"type":"image\/jpeg"}],"twitter_card":"summary_large_image","twitter_misc":{"Escrito por":"X3C6tkkG0W","Est. tempo de leitura":"3 minutos"},"schema":{"@context":"https:\/\/schema.org","@graph":[{"@type":"WebSite","@id":"http:\/\/turismonoar.com.br\/#website","url":"http:\/\/turismonoar.com.br\/","name":"Turismo no Ar","description":"Por Paulo Lopes","potentialAction":[{"@type":"SearchAction","target":{"@type":"EntryPoint","urlTemplate":"http:\/\/turismonoar.com.br\/?s={search_term_string}"},"query-input":"required name=search_term_string"}],"inLanguage":"pt-BR"},{"@type":"ImageObject","@id":"https:\/\/turismonoar.com.br\/index.php\/2026\/03\/11\/memorias-de-um-secretario-de-turismo-quando-touros-celebrou-o-abacaxi\/#primaryimage","inLanguage":"pt-BR","url":"http:\/\/turismonoar.com.br\/wp-content\/uploads\/2026\/03\/Touros-RN.jpeg","contentUrl":"http:\/\/turismonoar.com.br\/wp-content\/uploads\/2026\/03\/Touros-RN.jpeg","width":751,"height":377},{"@type":"WebPage","@id":"https:\/\/turismonoar.com.br\/index.php\/2026\/03\/11\/memorias-de-um-secretario-de-turismo-quando-touros-celebrou-o-abacaxi\/#webpage","url":"https:\/\/turismonoar.com.br\/index.php\/2026\/03\/11\/memorias-de-um-secretario-de-turismo-quando-touros-celebrou-o-abacaxi\/","name":"Mem\u00f3rias de um secret\u00e1rio de turismo: quando Touros celebrou o abacaxi - Turismo no Ar","isPartOf":{"@id":"http:\/\/turismonoar.com.br\/#website"},"primaryImageOfPage":{"@id":"https:\/\/turismonoar.com.br\/index.php\/2026\/03\/11\/memorias-de-um-secretario-de-turismo-quando-touros-celebrou-o-abacaxi\/#primaryimage"},"datePublished":"2026-03-11T15:38:52+00:00","dateModified":"2026-03-11T15:40:33+00:00","author":{"@id":"http:\/\/turismonoar.com.br\/#\/schema\/person\/052de1f2f2aa889d818e50dd32173c22"},"breadcrumb":{"@id":"https:\/\/turismonoar.com.br\/index.php\/2026\/03\/11\/memorias-de-um-secretario-de-turismo-quando-touros-celebrou-o-abacaxi\/#breadcrumb"},"inLanguage":"pt-BR","potentialAction":[{"@type":"ReadAction","target":["https:\/\/turismonoar.com.br\/index.php\/2026\/03\/11\/memorias-de-um-secretario-de-turismo-quando-touros-celebrou-o-abacaxi\/"]}]},{"@type":"BreadcrumbList","@id":"https:\/\/turismonoar.com.br\/index.php\/2026\/03\/11\/memorias-de-um-secretario-de-turismo-quando-touros-celebrou-o-abacaxi\/#breadcrumb","itemListElement":[{"@type":"ListItem","position":1,"name":"In\u00edcio","item":"http:\/\/turismonoar.com.br\/"},{"@type":"ListItem","position":2,"name":"Mem\u00f3rias de um secret\u00e1rio de turismo: quando Touros celebrou o abacaxi"}]},{"@type":"Person","@id":"http:\/\/turismonoar.com.br\/#\/schema\/person\/052de1f2f2aa889d818e50dd32173c22","name":"X3C6tkkG0W","image":{"@type":"ImageObject","@id":"http:\/\/turismonoar.com.br\/#personlogo","inLanguage":"pt-BR","url":"http:\/\/0.gravatar.com\/avatar\/0d27a46a9fb82109c8ff4630af358828?s=96&d=mm&r=g","contentUrl":"http:\/\/0.gravatar.com\/avatar\/0d27a46a9fb82109c8ff4630af358828?s=96&d=mm&r=g","caption":"X3C6tkkG0W"},"sameAs":["http:\/\/turismonoar.com.br"],"url":"http:\/\/turismonoar.com.br\/index.php\/author\/x3c6tkkg0w\/"}]}},"cc_featured_image_caption":{"caption_text":"O dia em que Touros fez do abacaxi um festival. Cr\u00e9dito. Prefeitura Municipal","source_text":"","source_url":""},"_links":{"self":[{"href":"http:\/\/turismonoar.com.br\/index.php\/wp-json\/wp\/v2\/posts\/4515"}],"collection":[{"href":"http:\/\/turismonoar.com.br\/index.php\/wp-json\/wp\/v2\/posts"}],"about":[{"href":"http:\/\/turismonoar.com.br\/index.php\/wp-json\/wp\/v2\/types\/post"}],"author":[{"embeddable":true,"href":"http:\/\/turismonoar.com.br\/index.php\/wp-json\/wp\/v2\/users\/1"}],"replies":[{"embeddable":true,"href":"http:\/\/turismonoar.com.br\/index.php\/wp-json\/wp\/v2\/comments?post=4515"}],"version-history":[{"count":1,"href":"http:\/\/turismonoar.com.br\/index.php\/wp-json\/wp\/v2\/posts\/4515\/revisions"}],"predecessor-version":[{"id":4517,"href":"http:\/\/turismonoar.com.br\/index.php\/wp-json\/wp\/v2\/posts\/4515\/revisions\/4517"}],"wp:featuredmedia":[{"embeddable":true,"href":"http:\/\/turismonoar.com.br\/index.php\/wp-json\/wp\/v2\/media\/4516"}],"wp:attachment":[{"href":"http:\/\/turismonoar.com.br\/index.php\/wp-json\/wp\/v2\/media?parent=4515"}],"wp:term":[{"taxonomy":"category","embeddable":true,"href":"http:\/\/turismonoar.com.br\/index.php\/wp-json\/wp\/v2\/categories?post=4515"},{"taxonomy":"post_tag","embeddable":true,"href":"http:\/\/turismonoar.com.br\/index.php\/wp-json\/wp\/v2\/tags?post=4515"}],"curies":[{"name":"wp","href":"https:\/\/api.w.org\/{rel}","templated":true}]}}