{"id":4661,"date":"2026-04-29T16:21:31","date_gmt":"2026-04-29T16:21:31","guid":{"rendered":"https:\/\/turismonoar.com.br\/?p=4661"},"modified":"2026-04-29T16:31:25","modified_gmt":"2026-04-29T16:31:25","slug":"ponta-negra-entre-a-beleza-eterna-e-os-desafios-de-um-cartao-postal-que-resiste","status":"publish","type":"post","link":"http:\/\/turismonoar.com.br\/index.php\/2026\/04\/29\/ponta-negra-entre-a-beleza-eterna-e-os-desafios-de-um-cartao-postal-que-resiste\/","title":{"rendered":"Ponta Negra: entre a beleza eterna e os desafios de um cart\u00e3o-postal que resiste"},"content":{"rendered":"\n<p>H\u00e1 lugares que n\u00e3o pertencem apenas a uma cidade. Pertencem \u00e0 mem\u00f3ria afetiva de um povo. A praia de Ponta Negra \u00e9 um desses lugares. Mais do que uma faixa de areia banhada pelo Atl\u00e2ntico, ela representa a alma tur\u00edstica de Natal, um cen\u00e1rio que atravessa gera\u00e7\u00f5es como s\u00edmbolo da hospitalidade potiguar.<\/p>\n\n\n\n<p>Ao fundo, soberano e inconfund\u00edvel, o Morro do Careca continua sendo um dos cart\u00f5es-postais mais conhecidos do Brasil. Uma imagem que promove Natal mundo afora, estampando fotografias, campanhas tur\u00edsticas, lembran\u00e7as e, principalmente, a mem\u00f3ria de quem um dia pisou naquela areia dourada.<\/p>\n\n\n\n<p>Nos \u00faltimos meses, Ponta Negra vive um novo cap\u00edtulo de sua hist\u00f3ria com o processo de engorda da praia. A interven\u00e7\u00e3o trouxe uma nova perspectiva urban\u00edstica, ampliando a faixa de areia, oferecendo novas possibilidades para o turismo, para o lazer e para a economia local. \u00c9 uma transforma\u00e7\u00e3o importante, necess\u00e1ria e estrat\u00e9gica para o futuro da cidade.<\/p>\n\n\n\n<p>Mas junto com os avan\u00e7os surgem tamb\u00e9m os desafios. Epis\u00f3dios recentes envolvendo viol\u00eancia e a atua\u00e7\u00e3o de fac\u00e7\u00f5es criminosas acabam provocando inseguran\u00e7a, preocupa\u00e7\u00e3o e desgaste para a imagem do destino. E isso n\u00e3o pode ser tratado como algo normal.<\/p>\n\n\n\n<p>Ponta Negra n\u00e3o merece conviver com o medo. Nem o turista, nem o trabalhador da praia, nem os moradores podem aceitar que um dos espa\u00e7os mais emblem\u00e1ticos do turismo brasileiro seja ref\u00e9m da inseguran\u00e7a.<\/p>\n\n\n\n<p>Por isso, mais do que cr\u00edticas isoladas, este \u00e9 o momento de uni\u00e3o. Poder p\u00fablico, for\u00e7as de seguran\u00e7a, empres\u00e1rios, moradores e sociedade precisam agir em conjunto para preservar aquilo que Natal tem de mais valioso: sua capacidade de encantar.<\/p>\n\n\n\n<p>O turismo sobrevive de imagem, confian\u00e7a e experi\u00eancia. E Ponta Negra ainda re\u00fane tudo isso. O que falta agora \u00e9 devolver plenamente a tranquilidade que sempre fez daquele peda\u00e7o de litoral um convite permanente ao mundo.<\/p>\n","protected":false},"excerpt":{"rendered":"<p>H\u00e1 lugares que n\u00e3o pertencem apenas a uma cidade. Pertencem \u00e0 mem\u00f3ria afetiva de um povo. A praia de Ponta<\/p>\n","protected":false},"author":1,"featured_media":3059,"comment_status":"open","ping_status":"open","sticky":false,"template":"","format":"standard","meta":[],"categories":[399],"tags":[],"yoast_head":"<!-- This site is optimized with the Yoast SEO plugin v17.0 - https:\/\/yoast.com\/wordpress\/plugins\/seo\/ -->\n<title>Ponta Negra: entre a beleza eterna e os desafios de um cart\u00e3o-postal que resiste - Turismo no Ar<\/title>\n<meta name=\"robots\" content=\"index, follow, max-snippet:-1, max-image-preview:large, max-video-preview:-1\" \/>\n<link rel=\"canonical\" href=\"https:\/\/turismonoar.com.br\/index.php\/2026\/04\/29\/ponta-negra-entre-a-beleza-eterna-e-os-desafios-de-um-cartao-postal-que-resiste\/\" \/>\n<meta property=\"og:locale\" content=\"pt_BR\" \/>\n<meta property=\"og:type\" content=\"article\" \/>\n<meta property=\"og:title\" content=\"Ponta Negra: entre a beleza eterna e os desafios de um cart\u00e3o-postal que resiste - Turismo no Ar\" \/>\n<meta property=\"og:description\" content=\"H\u00e1 lugares que n\u00e3o pertencem apenas a uma cidade. Pertencem \u00e0 mem\u00f3ria afetiva de um povo. A praia de Ponta\" \/>\n<meta property=\"og:url\" content=\"https:\/\/turismonoar.com.br\/index.php\/2026\/04\/29\/ponta-negra-entre-a-beleza-eterna-e-os-desafios-de-um-cartao-postal-que-resiste\/\" \/>\n<meta property=\"og:site_name\" content=\"Turismo no Ar\" \/>\n<meta property=\"article:published_time\" content=\"2026-04-29T16:21:31+00:00\" \/>\n<meta property=\"article:modified_time\" content=\"2026-04-29T16:31:25+00:00\" \/>\n<meta property=\"og:image\" content=\"http:\/\/turismonoar.com.br\/wp-content\/uploads\/2024\/07\/Praia-de-Ponta-Negra-Caninde-Soares-2.jpeg\" \/>\n\t<meta property=\"og:image:width\" content=\"768\" \/>\n\t<meta property=\"og:image:height\" content=\"434\" \/>\n<meta name=\"twitter:card\" content=\"summary_large_image\" \/>\n<meta name=\"twitter:label1\" content=\"Escrito por\" \/>\n\t<meta name=\"twitter:data1\" content=\"X3C6tkkG0W\" \/>\n\t<meta name=\"twitter:label2\" content=\"Est. tempo de leitura\" \/>\n\t<meta name=\"twitter:data2\" content=\"2 minutos\" \/>\n<script type=\"application\/ld+json\" class=\"yoast-schema-graph\">{\"@context\":\"https:\/\/schema.org\",\"@graph\":[{\"@type\":\"WebSite\",\"@id\":\"http:\/\/turismonoar.com.br\/#website\",\"url\":\"http:\/\/turismonoar.com.br\/\",\"name\":\"Turismo no Ar\",\"description\":\"Por Paulo Lopes\",\"potentialAction\":[{\"@type\":\"SearchAction\",\"target\":{\"@type\":\"EntryPoint\",\"urlTemplate\":\"http:\/\/turismonoar.com.br\/?s={search_term_string}\"},\"query-input\":\"required name=search_term_string\"}],\"inLanguage\":\"pt-BR\"},{\"@type\":\"ImageObject\",\"@id\":\"https:\/\/turismonoar.com.br\/index.php\/2026\/04\/29\/ponta-negra-entre-a-beleza-eterna-e-os-desafios-de-um-cartao-postal-que-resiste\/#primaryimage\",\"inLanguage\":\"pt-BR\",\"url\":\"http:\/\/turismonoar.com.br\/wp-content\/uploads\/2024\/07\/Praia-de-Ponta-Negra-Caninde-Soares-2.jpeg\",\"contentUrl\":\"http:\/\/turismonoar.com.br\/wp-content\/uploads\/2024\/07\/Praia-de-Ponta-Negra-Caninde-Soares-2.jpeg\",\"width\":768,\"height\":434},{\"@type\":\"WebPage\",\"@id\":\"https:\/\/turismonoar.com.br\/index.php\/2026\/04\/29\/ponta-negra-entre-a-beleza-eterna-e-os-desafios-de-um-cartao-postal-que-resiste\/#webpage\",\"url\":\"https:\/\/turismonoar.com.br\/index.php\/2026\/04\/29\/ponta-negra-entre-a-beleza-eterna-e-os-desafios-de-um-cartao-postal-que-resiste\/\",\"name\":\"Ponta Negra: entre a beleza eterna e os desafios de um cart\\u00e3o-postal que resiste - Turismo no Ar\",\"isPartOf\":{\"@id\":\"http:\/\/turismonoar.com.br\/#website\"},\"primaryImageOfPage\":{\"@id\":\"https:\/\/turismonoar.com.br\/index.php\/2026\/04\/29\/ponta-negra-entre-a-beleza-eterna-e-os-desafios-de-um-cartao-postal-que-resiste\/#primaryimage\"},\"datePublished\":\"2026-04-29T16:21:31+00:00\",\"dateModified\":\"2026-04-29T16:31:25+00:00\",\"author\":{\"@id\":\"http:\/\/turismonoar.com.br\/#\/schema\/person\/052de1f2f2aa889d818e50dd32173c22\"},\"breadcrumb\":{\"@id\":\"https:\/\/turismonoar.com.br\/index.php\/2026\/04\/29\/ponta-negra-entre-a-beleza-eterna-e-os-desafios-de-um-cartao-postal-que-resiste\/#breadcrumb\"},\"inLanguage\":\"pt-BR\",\"potentialAction\":[{\"@type\":\"ReadAction\",\"target\":[\"https:\/\/turismonoar.com.br\/index.php\/2026\/04\/29\/ponta-negra-entre-a-beleza-eterna-e-os-desafios-de-um-cartao-postal-que-resiste\/\"]}]},{\"@type\":\"BreadcrumbList\",\"@id\":\"https:\/\/turismonoar.com.br\/index.php\/2026\/04\/29\/ponta-negra-entre-a-beleza-eterna-e-os-desafios-de-um-cartao-postal-que-resiste\/#breadcrumb\",\"itemListElement\":[{\"@type\":\"ListItem\",\"position\":1,\"name\":\"In\\u00edcio\",\"item\":\"http:\/\/turismonoar.com.br\/\"},{\"@type\":\"ListItem\",\"position\":2,\"name\":\"Ponta Negra: entre a beleza eterna e os desafios de um cart\\u00e3o-postal que resiste\"}]},{\"@type\":\"Person\",\"@id\":\"http:\/\/turismonoar.com.br\/#\/schema\/person\/052de1f2f2aa889d818e50dd32173c22\",\"name\":\"X3C6tkkG0W\",\"image\":{\"@type\":\"ImageObject\",\"@id\":\"http:\/\/turismonoar.com.br\/#personlogo\",\"inLanguage\":\"pt-BR\",\"url\":\"http:\/\/0.gravatar.com\/avatar\/0d27a46a9fb82109c8ff4630af358828?s=96&d=mm&r=g\",\"contentUrl\":\"http:\/\/0.gravatar.com\/avatar\/0d27a46a9fb82109c8ff4630af358828?s=96&d=mm&r=g\",\"caption\":\"X3C6tkkG0W\"},\"sameAs\":[\"http:\/\/turismonoar.com.br\"],\"url\":\"http:\/\/turismonoar.com.br\/index.php\/author\/x3c6tkkg0w\/\"}]}<\/script>\n<!-- \/ Yoast SEO plugin. -->","yoast_head_json":{"title":"Ponta Negra: entre a beleza eterna e os desafios de um cart\u00e3o-postal que resiste - Turismo no Ar","robots":{"index":"index","follow":"follow","max-snippet":"max-snippet:-1","max-image-preview":"max-image-preview:large","max-video-preview":"max-video-preview:-1"},"canonical":"https:\/\/turismonoar.com.br\/index.php\/2026\/04\/29\/ponta-negra-entre-a-beleza-eterna-e-os-desafios-de-um-cartao-postal-que-resiste\/","og_locale":"pt_BR","og_type":"article","og_title":"Ponta Negra: entre a beleza eterna e os desafios de um cart\u00e3o-postal que resiste - Turismo no Ar","og_description":"H\u00e1 lugares que n\u00e3o pertencem apenas a uma cidade. Pertencem \u00e0 mem\u00f3ria afetiva de um povo. A praia de Ponta","og_url":"https:\/\/turismonoar.com.br\/index.php\/2026\/04\/29\/ponta-negra-entre-a-beleza-eterna-e-os-desafios-de-um-cartao-postal-que-resiste\/","og_site_name":"Turismo no Ar","article_published_time":"2026-04-29T16:21:31+00:00","article_modified_time":"2026-04-29T16:31:25+00:00","og_image":[{"width":768,"height":434,"url":"http:\/\/turismonoar.com.br\/wp-content\/uploads\/2024\/07\/Praia-de-Ponta-Negra-Caninde-Soares-2.jpeg","path":"\/home\/turismo\/public_html\/wp-content\/uploads\/2024\/07\/Praia-de-Ponta-Negra-Caninde-Soares-2.jpeg","size":"full","id":3059,"alt":"","pixels":333312,"type":"image\/jpeg"}],"twitter_card":"summary_large_image","twitter_misc":{"Escrito por":"X3C6tkkG0W","Est. tempo de leitura":"2 minutos"},"schema":{"@context":"https:\/\/schema.org","@graph":[{"@type":"WebSite","@id":"http:\/\/turismonoar.com.br\/#website","url":"http:\/\/turismonoar.com.br\/","name":"Turismo no Ar","description":"Por Paulo Lopes","potentialAction":[{"@type":"SearchAction","target":{"@type":"EntryPoint","urlTemplate":"http:\/\/turismonoar.com.br\/?s={search_term_string}"},"query-input":"required name=search_term_string"}],"inLanguage":"pt-BR"},{"@type":"ImageObject","@id":"https:\/\/turismonoar.com.br\/index.php\/2026\/04\/29\/ponta-negra-entre-a-beleza-eterna-e-os-desafios-de-um-cartao-postal-que-resiste\/#primaryimage","inLanguage":"pt-BR","url":"http:\/\/turismonoar.com.br\/wp-content\/uploads\/2024\/07\/Praia-de-Ponta-Negra-Caninde-Soares-2.jpeg","contentUrl":"http:\/\/turismonoar.com.br\/wp-content\/uploads\/2024\/07\/Praia-de-Ponta-Negra-Caninde-Soares-2.jpeg","width":768,"height":434},{"@type":"WebPage","@id":"https:\/\/turismonoar.com.br\/index.php\/2026\/04\/29\/ponta-negra-entre-a-beleza-eterna-e-os-desafios-de-um-cartao-postal-que-resiste\/#webpage","url":"https:\/\/turismonoar.com.br\/index.php\/2026\/04\/29\/ponta-negra-entre-a-beleza-eterna-e-os-desafios-de-um-cartao-postal-que-resiste\/","name":"Ponta Negra: entre a beleza eterna e os desafios de um cart\u00e3o-postal que resiste - Turismo no Ar","isPartOf":{"@id":"http:\/\/turismonoar.com.br\/#website"},"primaryImageOfPage":{"@id":"https:\/\/turismonoar.com.br\/index.php\/2026\/04\/29\/ponta-negra-entre-a-beleza-eterna-e-os-desafios-de-um-cartao-postal-que-resiste\/#primaryimage"},"datePublished":"2026-04-29T16:21:31+00:00","dateModified":"2026-04-29T16:31:25+00:00","author":{"@id":"http:\/\/turismonoar.com.br\/#\/schema\/person\/052de1f2f2aa889d818e50dd32173c22"},"breadcrumb":{"@id":"https:\/\/turismonoar.com.br\/index.php\/2026\/04\/29\/ponta-negra-entre-a-beleza-eterna-e-os-desafios-de-um-cartao-postal-que-resiste\/#breadcrumb"},"inLanguage":"pt-BR","potentialAction":[{"@type":"ReadAction","target":["https:\/\/turismonoar.com.br\/index.php\/2026\/04\/29\/ponta-negra-entre-a-beleza-eterna-e-os-desafios-de-um-cartao-postal-que-resiste\/"]}]},{"@type":"BreadcrumbList","@id":"https:\/\/turismonoar.com.br\/index.php\/2026\/04\/29\/ponta-negra-entre-a-beleza-eterna-e-os-desafios-de-um-cartao-postal-que-resiste\/#breadcrumb","itemListElement":[{"@type":"ListItem","position":1,"name":"In\u00edcio","item":"http:\/\/turismonoar.com.br\/"},{"@type":"ListItem","position":2,"name":"Ponta Negra: entre a beleza eterna e os desafios de um cart\u00e3o-postal que resiste"}]},{"@type":"Person","@id":"http:\/\/turismonoar.com.br\/#\/schema\/person\/052de1f2f2aa889d818e50dd32173c22","name":"X3C6tkkG0W","image":{"@type":"ImageObject","@id":"http:\/\/turismonoar.com.br\/#personlogo","inLanguage":"pt-BR","url":"http:\/\/0.gravatar.com\/avatar\/0d27a46a9fb82109c8ff4630af358828?s=96&d=mm&r=g","contentUrl":"http:\/\/0.gravatar.com\/avatar\/0d27a46a9fb82109c8ff4630af358828?s=96&d=mm&r=g","caption":"X3C6tkkG0W"},"sameAs":["http:\/\/turismonoar.com.br"],"url":"http:\/\/turismonoar.com.br\/index.php\/author\/x3c6tkkg0w\/"}]}},"cc_featured_image_caption":{"caption_text":"Ponta Negra: o cart\u00e3o-postal de Natal precisa de prote\u00e7\u00e3o, uni\u00e3o e respeito. Cr\u00e9dito. Divulga\u00e7\u00e3o.","source_text":"","source_url":""},"_links":{"self":[{"href":"http:\/\/turismonoar.com.br\/index.php\/wp-json\/wp\/v2\/posts\/4661"}],"collection":[{"href":"http:\/\/turismonoar.com.br\/index.php\/wp-json\/wp\/v2\/posts"}],"about":[{"href":"http:\/\/turismonoar.com.br\/index.php\/wp-json\/wp\/v2\/types\/post"}],"author":[{"embeddable":true,"href":"http:\/\/turismonoar.com.br\/index.php\/wp-json\/wp\/v2\/users\/1"}],"replies":[{"embeddable":true,"href":"http:\/\/turismonoar.com.br\/index.php\/wp-json\/wp\/v2\/comments?post=4661"}],"version-history":[{"count":1,"href":"http:\/\/turismonoar.com.br\/index.php\/wp-json\/wp\/v2\/posts\/4661\/revisions"}],"predecessor-version":[{"id":4663,"href":"http:\/\/turismonoar.com.br\/index.php\/wp-json\/wp\/v2\/posts\/4661\/revisions\/4663"}],"wp:featuredmedia":[{"embeddable":true,"href":"http:\/\/turismonoar.com.br\/index.php\/wp-json\/wp\/v2\/media\/3059"}],"wp:attachment":[{"href":"http:\/\/turismonoar.com.br\/index.php\/wp-json\/wp\/v2\/media?parent=4661"}],"wp:term":[{"taxonomy":"category","embeddable":true,"href":"http:\/\/turismonoar.com.br\/index.php\/wp-json\/wp\/v2\/categories?post=4661"},{"taxonomy":"post_tag","embeddable":true,"href":"http:\/\/turismonoar.com.br\/index.php\/wp-json\/wp\/v2\/tags?post=4661"}],"curies":[{"name":"wp","href":"https:\/\/api.w.org\/{rel}","templated":true}]}}