{"id":2513,"date":"2023-11-22T13:13:28","date_gmt":"2023-11-22T13:13:28","guid":{"rendered":"https:\/\/turismonoar.com.br\/?p=2513"},"modified":"2023-11-22T13:13:30","modified_gmt":"2023-11-22T13:13:30","slug":"parnamirim-tera-o-maior-complexo-esportivo-do-rn","status":"publish","type":"post","link":"https:\/\/turismonoar.com.br\/index.php\/2023\/11\/22\/parnamirim-tera-o-maior-complexo-esportivo-do-rn\/","title":{"rendered":"Parnamirim ter\u00e1 o maior complexo esportivo do RN"},"content":{"rendered":"\n<p>O prefeito Rosano Taveira, acompanhado dos secret\u00e1rios do Gabinete Civil, Homero Grec e de Obras P\u00fablicas, Josu\u00e1 Neto, assinou, na tarde da \u00faltima segunda-feira (20), a Ordem de Servi\u00e7o para a constru\u00e7\u00e3o do maior complexo esportivo do RN. O Parque Esportivo ser\u00e1 um conjunto de equipamentos com quadras poliesportivas, tr\u00eas campos de futebol, pistas de Skate, caminh\u00f3dromo com largura de dez metros, pista para Bike Cross e muitas outras modalidades esportivas.<br>O espa\u00e7o, com or\u00e7amento previsto na casa dos R$ 10 milh\u00f5es, conta com uma \u00e1rea de 10 mil metros quadrados e ser\u00e1 constru\u00eddo em terreno localizado em frente ao Hospital Maternidade Divino Amor (HMDA), no Centro da Cidade. Ap\u00f3s a assinatura do documento, os t\u00e9cnicos da Semop se reunir\u00e3o com a empresa respons\u00e1vel pela obra para alinhar o in\u00edcio dos servi\u00e7os ainda este ano.<br>\u201cSem sombra de d\u00favidas, est\u00e1 \u00e9 uma obra emblem\u00e1tica para o nosso munic\u00edpio. Uma obra de grande porte, que vai possibilitar o investimento e a descoberta de grandes talentos, que poder\u00e3o representar o munic\u00edpio nas grandes competi\u00e7\u00f5es esportivas pelo mundo\u201d, destacou o prefeito Rosano Taveira.<br>Estavam presentes ainda, a vice-prefeita, K\u00e1tia Pires, o deputado estadual Taveira J\u00fanior, o presidente da C\u00e2mara Municipal, Wolney Fran\u00e7a, o secret\u00e1rio de esportes, Vin\u00edcius Barros, al\u00e9m dos vereadores Thiago Fernandes, Vav\u00e1 Azevedo, Michael Borges, Diego Am\u00e9rico, Binho de Ambr\u00f3sio, Irani Guedes e L\u00e9o Lima.<br>ASCOM<\/p>\n","protected":false},"excerpt":{"rendered":"<p>O prefeito Rosano Taveira, acompanhado dos secret\u00e1rios do Gabinete Civil, Homero Grec e de Obras P\u00fablicas, Josu\u00e1 Neto, assinou, na<\/p>\n","protected":false},"author":1,"featured_media":2514,"comment_status":"open","ping_status":"open","sticky":false,"template":"","format":"standard","meta":[],"categories":[251],"tags":[],"yoast_head":"<!-- This site is optimized with the Yoast SEO plugin v17.0 - https:\/\/yoast.com\/wordpress\/plugins\/seo\/ -->\n<title>Parnamirim ter\u00e1 o maior complexo esportivo do RN - Turismo no Ar<\/title>\n<meta name=\"robots\" content=\"index, follow, max-snippet:-1, max-image-preview:large, max-video-preview:-1\" \/>\n<link rel=\"canonical\" href=\"https:\/\/turismonoar.com.br\/index.php\/2023\/11\/22\/parnamirim-tera-o-maior-complexo-esportivo-do-rn\/\" \/>\n<meta property=\"og:locale\" content=\"pt_BR\" \/>\n<meta property=\"og:type\" content=\"article\" \/>\n<meta property=\"og:title\" content=\"Parnamirim ter\u00e1 o maior complexo esportivo do RN - Turismo no Ar\" \/>\n<meta property=\"og:description\" content=\"O prefeito Rosano Taveira, acompanhado dos secret\u00e1rios do Gabinete Civil, Homero Grec e de Obras P\u00fablicas, Josu\u00e1 Neto, assinou, na\" \/>\n<meta property=\"og:url\" content=\"https:\/\/turismonoar.com.br\/index.php\/2023\/11\/22\/parnamirim-tera-o-maior-complexo-esportivo-do-rn\/\" \/>\n<meta property=\"og:site_name\" content=\"Turismo no Ar\" \/>\n<meta property=\"article:published_time\" content=\"2023-11-22T13:13:28+00:00\" \/>\n<meta property=\"article:modified_time\" content=\"2023-11-22T13:13:30+00:00\" \/>\n<meta property=\"og:image\" content=\"http:\/\/turismonoar.com.br\/wp-content\/uploads\/2023\/11\/Prefeito-Taveira.jpg\" \/>\n\t<meta property=\"og:image:width\" content=\"1280\" \/>\n\t<meta property=\"og:image:height\" content=\"720\" \/>\n<meta name=\"twitter:card\" content=\"summary_large_image\" \/>\n<meta name=\"twitter:label1\" content=\"Escrito por\" \/>\n\t<meta name=\"twitter:data1\" content=\"X3C6tkkG0W\" \/>\n\t<meta name=\"twitter:label2\" content=\"Est. tempo de leitura\" \/>\n\t<meta name=\"twitter:data2\" content=\"1 minuto\" \/>\n<script type=\"application\/ld+json\" class=\"yoast-schema-graph\">{\"@context\":\"https:\/\/schema.org\",\"@graph\":[{\"@type\":\"WebSite\",\"@id\":\"https:\/\/turismonoar.com.br\/#website\",\"url\":\"https:\/\/turismonoar.com.br\/\",\"name\":\"Turismo no Ar\",\"description\":\"Por Paulo Lopes\",\"potentialAction\":[{\"@type\":\"SearchAction\",\"target\":{\"@type\":\"EntryPoint\",\"urlTemplate\":\"https:\/\/turismonoar.com.br\/?s={search_term_string}\"},\"query-input\":\"required name=search_term_string\"}],\"inLanguage\":\"pt-BR\"},{\"@type\":\"ImageObject\",\"@id\":\"https:\/\/turismonoar.com.br\/index.php\/2023\/11\/22\/parnamirim-tera-o-maior-complexo-esportivo-do-rn\/#primaryimage\",\"inLanguage\":\"pt-BR\",\"url\":\"https:\/\/turismonoar.com.br\/wp-content\/uploads\/2023\/11\/Prefeito-Taveira.jpg\",\"contentUrl\":\"https:\/\/turismonoar.com.br\/wp-content\/uploads\/2023\/11\/Prefeito-Taveira.jpg\",\"width\":1280,\"height\":720},{\"@type\":\"WebPage\",\"@id\":\"https:\/\/turismonoar.com.br\/index.php\/2023\/11\/22\/parnamirim-tera-o-maior-complexo-esportivo-do-rn\/#webpage\",\"url\":\"https:\/\/turismonoar.com.br\/index.php\/2023\/11\/22\/parnamirim-tera-o-maior-complexo-esportivo-do-rn\/\",\"name\":\"Parnamirim ter\\u00e1 o maior complexo esportivo do RN - Turismo no Ar\",\"isPartOf\":{\"@id\":\"https:\/\/turismonoar.com.br\/#website\"},\"primaryImageOfPage\":{\"@id\":\"https:\/\/turismonoar.com.br\/index.php\/2023\/11\/22\/parnamirim-tera-o-maior-complexo-esportivo-do-rn\/#primaryimage\"},\"datePublished\":\"2023-11-22T13:13:28+00:00\",\"dateModified\":\"2023-11-22T13:13:30+00:00\",\"author\":{\"@id\":\"https:\/\/turismonoar.com.br\/#\/schema\/person\/052de1f2f2aa889d818e50dd32173c22\"},\"breadcrumb\":{\"@id\":\"https:\/\/turismonoar.com.br\/index.php\/2023\/11\/22\/parnamirim-tera-o-maior-complexo-esportivo-do-rn\/#breadcrumb\"},\"inLanguage\":\"pt-BR\",\"potentialAction\":[{\"@type\":\"ReadAction\",\"target\":[\"https:\/\/turismonoar.com.br\/index.php\/2023\/11\/22\/parnamirim-tera-o-maior-complexo-esportivo-do-rn\/\"]}]},{\"@type\":\"BreadcrumbList\",\"@id\":\"https:\/\/turismonoar.com.br\/index.php\/2023\/11\/22\/parnamirim-tera-o-maior-complexo-esportivo-do-rn\/#breadcrumb\",\"itemListElement\":[{\"@type\":\"ListItem\",\"position\":1,\"name\":\"In\\u00edcio\",\"item\":\"https:\/\/turismonoar.com.br\/\"},{\"@type\":\"ListItem\",\"position\":2,\"name\":\"Parnamirim ter\\u00e1 o maior complexo esportivo do RN\"}]},{\"@type\":\"Person\",\"@id\":\"https:\/\/turismonoar.com.br\/#\/schema\/person\/052de1f2f2aa889d818e50dd32173c22\",\"name\":\"X3C6tkkG0W\",\"image\":{\"@type\":\"ImageObject\",\"@id\":\"https:\/\/turismonoar.com.br\/#personlogo\",\"inLanguage\":\"pt-BR\",\"url\":\"https:\/\/secure.gravatar.com\/avatar\/0d27a46a9fb82109c8ff4630af358828?s=96&d=mm&r=g\",\"contentUrl\":\"https:\/\/secure.gravatar.com\/avatar\/0d27a46a9fb82109c8ff4630af358828?s=96&d=mm&r=g\",\"caption\":\"X3C6tkkG0W\"},\"sameAs\":[\"http:\/\/turismonoar.com.br\"],\"url\":\"https:\/\/turismonoar.com.br\/index.php\/author\/x3c6tkkg0w\/\"}]}<\/script>\n<!-- \/ Yoast SEO plugin. -->","yoast_head_json":{"title":"Parnamirim ter\u00e1 o maior complexo esportivo do RN - Turismo no Ar","robots":{"index":"index","follow":"follow","max-snippet":"max-snippet:-1","max-image-preview":"max-image-preview:large","max-video-preview":"max-video-preview:-1"},"canonical":"https:\/\/turismonoar.com.br\/index.php\/2023\/11\/22\/parnamirim-tera-o-maior-complexo-esportivo-do-rn\/","og_locale":"pt_BR","og_type":"article","og_title":"Parnamirim ter\u00e1 o maior complexo esportivo do RN - Turismo no Ar","og_description":"O prefeito Rosano Taveira, acompanhado dos secret\u00e1rios do Gabinete Civil, Homero Grec e de Obras P\u00fablicas, Josu\u00e1 Neto, assinou, na","og_url":"https:\/\/turismonoar.com.br\/index.php\/2023\/11\/22\/parnamirim-tera-o-maior-complexo-esportivo-do-rn\/","og_site_name":"Turismo no Ar","article_published_time":"2023-11-22T13:13:28+00:00","article_modified_time":"2023-11-22T13:13:30+00:00","og_image":[{"width":1280,"height":720,"url":"http:\/\/turismonoar.com.br\/wp-content\/uploads\/2023\/11\/Prefeito-Taveira.jpg","path":"\/home\/turismo\/public_html\/wp-content\/uploads\/2023\/11\/Prefeito-Taveira.jpg","size":"full","id":2514,"alt":"","pixels":921600,"type":"image\/jpeg"}],"twitter_card":"summary_large_image","twitter_misc":{"Escrito por":"X3C6tkkG0W","Est. tempo de leitura":"1 minuto"},"schema":{"@context":"https:\/\/schema.org","@graph":[{"@type":"WebSite","@id":"https:\/\/turismonoar.com.br\/#website","url":"https:\/\/turismonoar.com.br\/","name":"Turismo no Ar","description":"Por Paulo Lopes","potentialAction":[{"@type":"SearchAction","target":{"@type":"EntryPoint","urlTemplate":"https:\/\/turismonoar.com.br\/?s={search_term_string}"},"query-input":"required name=search_term_string"}],"inLanguage":"pt-BR"},{"@type":"ImageObject","@id":"https:\/\/turismonoar.com.br\/index.php\/2023\/11\/22\/parnamirim-tera-o-maior-complexo-esportivo-do-rn\/#primaryimage","inLanguage":"pt-BR","url":"https:\/\/turismonoar.com.br\/wp-content\/uploads\/2023\/11\/Prefeito-Taveira.jpg","contentUrl":"https:\/\/turismonoar.com.br\/wp-content\/uploads\/2023\/11\/Prefeito-Taveira.jpg","width":1280,"height":720},{"@type":"WebPage","@id":"https:\/\/turismonoar.com.br\/index.php\/2023\/11\/22\/parnamirim-tera-o-maior-complexo-esportivo-do-rn\/#webpage","url":"https:\/\/turismonoar.com.br\/index.php\/2023\/11\/22\/parnamirim-tera-o-maior-complexo-esportivo-do-rn\/","name":"Parnamirim ter\u00e1 o maior complexo esportivo do RN - Turismo no Ar","isPartOf":{"@id":"https:\/\/turismonoar.com.br\/#website"},"primaryImageOfPage":{"@id":"https:\/\/turismonoar.com.br\/index.php\/2023\/11\/22\/parnamirim-tera-o-maior-complexo-esportivo-do-rn\/#primaryimage"},"datePublished":"2023-11-22T13:13:28+00:00","dateModified":"2023-11-22T13:13:30+00:00","author":{"@id":"https:\/\/turismonoar.com.br\/#\/schema\/person\/052de1f2f2aa889d818e50dd32173c22"},"breadcrumb":{"@id":"https:\/\/turismonoar.com.br\/index.php\/2023\/11\/22\/parnamirim-tera-o-maior-complexo-esportivo-do-rn\/#breadcrumb"},"inLanguage":"pt-BR","potentialAction":[{"@type":"ReadAction","target":["https:\/\/turismonoar.com.br\/index.php\/2023\/11\/22\/parnamirim-tera-o-maior-complexo-esportivo-do-rn\/"]}]},{"@type":"BreadcrumbList","@id":"https:\/\/turismonoar.com.br\/index.php\/2023\/11\/22\/parnamirim-tera-o-maior-complexo-esportivo-do-rn\/#breadcrumb","itemListElement":[{"@type":"ListItem","position":1,"name":"In\u00edcio","item":"https:\/\/turismonoar.com.br\/"},{"@type":"ListItem","position":2,"name":"Parnamirim ter\u00e1 o maior complexo esportivo do RN"}]},{"@type":"Person","@id":"https:\/\/turismonoar.com.br\/#\/schema\/person\/052de1f2f2aa889d818e50dd32173c22","name":"X3C6tkkG0W","image":{"@type":"ImageObject","@id":"https:\/\/turismonoar.com.br\/#personlogo","inLanguage":"pt-BR","url":"https:\/\/secure.gravatar.com\/avatar\/0d27a46a9fb82109c8ff4630af358828?s=96&d=mm&r=g","contentUrl":"https:\/\/secure.gravatar.com\/avatar\/0d27a46a9fb82109c8ff4630af358828?s=96&d=mm&r=g","caption":"X3C6tkkG0W"},"sameAs":["http:\/\/turismonoar.com.br"],"url":"https:\/\/turismonoar.com.br\/index.php\/author\/x3c6tkkg0w\/"}]}},"cc_featured_image_caption":{"caption_text":"Prefeito Rosano Taveira assinou a Ordem de Servi\u00e7o para a constru\u00e7\u00e3o do maior complexo esportivo do RN. Foto. Ney Douglas.\r\n","source_text":"","source_url":""},"_links":{"self":[{"href":"https:\/\/turismonoar.com.br\/index.php\/wp-json\/wp\/v2\/posts\/2513"}],"collection":[{"href":"https:\/\/turismonoar.com.br\/index.php\/wp-json\/wp\/v2\/posts"}],"about":[{"href":"https:\/\/turismonoar.com.br\/index.php\/wp-json\/wp\/v2\/types\/post"}],"author":[{"embeddable":true,"href":"https:\/\/turismonoar.com.br\/index.php\/wp-json\/wp\/v2\/users\/1"}],"replies":[{"embeddable":true,"href":"https:\/\/turismonoar.com.br\/index.php\/wp-json\/wp\/v2\/comments?post=2513"}],"version-history":[{"count":1,"href":"https:\/\/turismonoar.com.br\/index.php\/wp-json\/wp\/v2\/posts\/2513\/revisions"}],"predecessor-version":[{"id":2515,"href":"https:\/\/turismonoar.com.br\/index.php\/wp-json\/wp\/v2\/posts\/2513\/revisions\/2515"}],"wp:featuredmedia":[{"embeddable":true,"href":"https:\/\/turismonoar.com.br\/index.php\/wp-json\/wp\/v2\/media\/2514"}],"wp:attachment":[{"href":"https:\/\/turismonoar.com.br\/index.php\/wp-json\/wp\/v2\/media?parent=2513"}],"wp:term":[{"taxonomy":"category","embeddable":true,"href":"https:\/\/turismonoar.com.br\/index.php\/wp-json\/wp\/v2\/categories?post=2513"},{"taxonomy":"post_tag","embeddable":true,"href":"https:\/\/turismonoar.com.br\/index.php\/wp-json\/wp\/v2\/tags?post=2513"}],"curies":[{"name":"wp","href":"https:\/\/api.w.org\/{rel}","templated":true}]}}