{"id":3238,"date":"2024-11-07T13:12:44","date_gmt":"2024-11-07T13:12:44","guid":{"rendered":"https:\/\/turismonoar.com.br\/?p=3238"},"modified":"2024-11-07T13:12:46","modified_gmt":"2024-11-07T13:12:46","slug":"ministerio-do-turismo-leva-nova-lei-geral-do-turismo-para-a-festuris-2024","status":"publish","type":"post","link":"https:\/\/turismonoar.com.br\/index.php\/2024\/11\/07\/ministerio-do-turismo-leva-nova-lei-geral-do-turismo-para-a-festuris-2024\/","title":{"rendered":"Minist\u00e9rio do Turismo leva Nova Lei Geral do Turismo para a Festuris 2024"},"content":{"rendered":"\n<p>O Minist\u00e9rio do Turismo estar\u00e1 presente nos quatro dias da Feira Internacional de Turismo (Festuris), que ocorrer\u00e1 entre os dias 7 e 10 de novembro na cidade de Gramado (RS). Al\u00e9m de um investimento de R$ 300 mil em um dos mais importantes eventos de neg\u00f3cios de turismo das Am\u00e9ricas, o MTur levar\u00e1 a Nova Lei Geral do Turismo, recentemente sancionada, em um estande pr\u00f3prio e por meio de uma palestra conduzida por B\u00e1rbara S\u00e1, coordenadora-geral de articula\u00e7\u00e3o e monitoramento de assuntos t\u00e9cnicos do Minist\u00e9rio.<\/p>\n\n\n\n<p>Durante a programa\u00e7\u00e3o da Festuris 2024 o estande da Pasta vai informar os visitantes sobre as principais mudan\u00e7as e benef\u00edcios trazidos pela nova legisla\u00e7\u00e3o. No espa\u00e7o, os interessados poder\u00e3o obter informa\u00e7\u00f5es sobre as novas diretrizes da lei, que visam contribuir para o setor tur\u00edstico brasileiro, modernizando e desburocratizando processos, al\u00e9m de promover maior integra\u00e7\u00e3o com a iniciativa privada.<\/p>\n\n\n\n<p>Representando o ministro Celso Sabino, o diretor de Marketing, Eventos e Expans\u00e3o Digital do Minist\u00e9rio do Turismo, F\u00e1bio Pinheiro, destaca a import\u00e2ncia do apoio e da participa\u00e7\u00e3o do MTur em eventos como esse<\/p>\n\n\n\n<p>\u201cA presen\u00e7a do Minist\u00e9rio do Turismo em eventos como a Festuris refor\u00e7a o nosso compromisso em apoiar e promover o desenvolvimento do setor. Esses encontros s\u00e3o fundamentais para trocar experi\u00eancias, apresentar novas pol\u00edticas e construir parcerias que impulsionem o turismo brasileiro de forma sustent\u00e1vel e inovadora\u201d, afirmou.<\/p>\n\n\n\n<p>Um dos pontos altos da participa\u00e7\u00e3o do minist\u00e9rio ser\u00e1 a palestra ministrada por B\u00e1rbara S\u00e1, agendada para o dia 8 de novembro, e que abordar\u00e1 os aspectos mais relevantes da nova lei, explicando como as atualiza\u00e7\u00f5es legislativas podem abrir oportunidades para o setor e fortalecer o turismo como motor de desenvolvimento econ\u00f4mico sustent\u00e1vel no Brasil. B\u00e1rbara S\u00e1 discutir\u00e1, por exemplo, como a utiliza\u00e7\u00e3o de recursos do Fundo Nacional de Avia\u00e7\u00e3o Civil (FNAC) permitir\u00e1 a cria\u00e7\u00e3o de novas rotas e a expans\u00e3o da avia\u00e7\u00e3o em regi\u00f5es estrat\u00e9gicas, como a Amaz\u00f4nia Legal, com foco em combust\u00edveis sustent\u00e1veis.<\/p>\n\n\n\n<p>Al\u00e9m de promover uma vis\u00e3o mais pr\u00e1tica da lei, o estande do minist\u00e9rio na Festuris tamb\u00e9m ser\u00e1 um ponto de encontro para autoridades, empres\u00e1rios e profissionais do setor espec\u00edfico para discutir tend\u00eancias e inova\u00e7\u00f5es para o turismo nacional. Com a Nova Lei Geral do Turismo, o governo federal sinaliza uma nova fase de apoio ao setor, alinhando-se a padr\u00f5es de sustentabilidade e inova\u00e7\u00e3o, temas que ganhar\u00e3o em destaque nesta edi\u00e7\u00e3o da feira.<\/p>\n\n\n\n<p>A Festuris \u00e9 reconhecida como um dos mais importantes eventos de neg\u00f3cios tur\u00edsticos da Am\u00e9rica Latina, atraindo profissionais e empresas do setor para discutir as tend\u00eancias e desafios do mercado. A edi\u00e7\u00e3o de 2024 promete uma programa\u00e7\u00e3o focada no futuro do turismo, incluindo temas como turismo regenerativo e pr\u00e1ticas sustent\u00e1veis.<\/p>\n\n\n\n<p>A participa\u00e7\u00e3o ativa do Minist\u00e9rio do Turismo na Festuris 2024 refor\u00e7a o compromisso do governo em estimular um ambiente favor\u00e1vel para o crescimento do setor no Brasil. A expectativa \u00e9 que a nova legisla\u00e7\u00e3o e a presen\u00e7a de representantes da Pasta ajudem a esclarecer como as recentes mudan\u00e7as podem beneficiar empresas e profissionais, criando condi\u00e7\u00f5es para que o turismo brasileiro alcance novos patamares nos pr\u00f3ximos anos.<\/p>\n\n\n\n<p>Fonte. MTur<\/p>\n","protected":false},"excerpt":{"rendered":"<p>O Minist\u00e9rio do Turismo estar\u00e1 presente nos quatro dias da Feira Internacional de Turismo (Festuris), que ocorrer\u00e1 entre os dias<\/p>\n","protected":false},"author":1,"featured_media":3239,"comment_status":"open","ping_status":"open","sticky":false,"template":"","format":"standard","meta":[],"categories":[12],"tags":[],"yoast_head":"<!-- This site is optimized with the Yoast SEO plugin v17.0 - https:\/\/yoast.com\/wordpress\/plugins\/seo\/ -->\n<title>Minist\u00e9rio do Turismo leva Nova Lei Geral do Turismo para a Festuris 2024 - Turismo no Ar<\/title>\n<meta name=\"robots\" content=\"index, follow, max-snippet:-1, max-image-preview:large, max-video-preview:-1\" \/>\n<link rel=\"canonical\" href=\"https:\/\/turismonoar.com.br\/index.php\/2024\/11\/07\/ministerio-do-turismo-leva-nova-lei-geral-do-turismo-para-a-festuris-2024\/\" \/>\n<meta property=\"og:locale\" content=\"pt_BR\" \/>\n<meta property=\"og:type\" content=\"article\" \/>\n<meta property=\"og:title\" content=\"Minist\u00e9rio do Turismo leva Nova Lei Geral do Turismo para a Festuris 2024 - Turismo no Ar\" \/>\n<meta property=\"og:description\" content=\"O Minist\u00e9rio do Turismo estar\u00e1 presente nos quatro dias da Feira Internacional de Turismo (Festuris), que ocorrer\u00e1 entre os dias\" \/>\n<meta property=\"og:url\" content=\"https:\/\/turismonoar.com.br\/index.php\/2024\/11\/07\/ministerio-do-turismo-leva-nova-lei-geral-do-turismo-para-a-festuris-2024\/\" \/>\n<meta property=\"og:site_name\" content=\"Turismo no Ar\" \/>\n<meta property=\"article:published_time\" content=\"2024-11-07T13:12:44+00:00\" \/>\n<meta property=\"article:modified_time\" content=\"2024-11-07T13:12:46+00:00\" \/>\n<meta property=\"og:image\" content=\"http:\/\/turismonoar.com.br\/wp-content\/uploads\/2024\/11\/Festuris-2024.jpeg\" \/>\n\t<meta property=\"og:image:width\" content=\"768\" \/>\n\t<meta property=\"og:image:height\" content=\"434\" \/>\n<meta name=\"twitter:card\" content=\"summary_large_image\" \/>\n<meta name=\"twitter:label1\" content=\"Escrito por\" \/>\n\t<meta name=\"twitter:data1\" content=\"X3C6tkkG0W\" \/>\n\t<meta name=\"twitter:label2\" content=\"Est. tempo de leitura\" \/>\n\t<meta name=\"twitter:data2\" content=\"3 minutos\" \/>\n<script type=\"application\/ld+json\" class=\"yoast-schema-graph\">{\"@context\":\"https:\/\/schema.org\",\"@graph\":[{\"@type\":\"WebSite\",\"@id\":\"https:\/\/turismonoar.com.br\/#website\",\"url\":\"https:\/\/turismonoar.com.br\/\",\"name\":\"Turismo no Ar\",\"description\":\"Por Paulo Lopes\",\"potentialAction\":[{\"@type\":\"SearchAction\",\"target\":{\"@type\":\"EntryPoint\",\"urlTemplate\":\"https:\/\/turismonoar.com.br\/?s={search_term_string}\"},\"query-input\":\"required name=search_term_string\"}],\"inLanguage\":\"pt-BR\"},{\"@type\":\"ImageObject\",\"@id\":\"https:\/\/turismonoar.com.br\/index.php\/2024\/11\/07\/ministerio-do-turismo-leva-nova-lei-geral-do-turismo-para-a-festuris-2024\/#primaryimage\",\"inLanguage\":\"pt-BR\",\"url\":\"https:\/\/turismonoar.com.br\/wp-content\/uploads\/2024\/11\/Festuris-2024.jpeg\",\"contentUrl\":\"https:\/\/turismonoar.com.br\/wp-content\/uploads\/2024\/11\/Festuris-2024.jpeg\",\"width\":768,\"height\":434},{\"@type\":\"WebPage\",\"@id\":\"https:\/\/turismonoar.com.br\/index.php\/2024\/11\/07\/ministerio-do-turismo-leva-nova-lei-geral-do-turismo-para-a-festuris-2024\/#webpage\",\"url\":\"https:\/\/turismonoar.com.br\/index.php\/2024\/11\/07\/ministerio-do-turismo-leva-nova-lei-geral-do-turismo-para-a-festuris-2024\/\",\"name\":\"Minist\\u00e9rio do Turismo leva Nova Lei Geral do Turismo para a Festuris 2024 - Turismo no Ar\",\"isPartOf\":{\"@id\":\"https:\/\/turismonoar.com.br\/#website\"},\"primaryImageOfPage\":{\"@id\":\"https:\/\/turismonoar.com.br\/index.php\/2024\/11\/07\/ministerio-do-turismo-leva-nova-lei-geral-do-turismo-para-a-festuris-2024\/#primaryimage\"},\"datePublished\":\"2024-11-07T13:12:44+00:00\",\"dateModified\":\"2024-11-07T13:12:46+00:00\",\"author\":{\"@id\":\"https:\/\/turismonoar.com.br\/#\/schema\/person\/052de1f2f2aa889d818e50dd32173c22\"},\"breadcrumb\":{\"@id\":\"https:\/\/turismonoar.com.br\/index.php\/2024\/11\/07\/ministerio-do-turismo-leva-nova-lei-geral-do-turismo-para-a-festuris-2024\/#breadcrumb\"},\"inLanguage\":\"pt-BR\",\"potentialAction\":[{\"@type\":\"ReadAction\",\"target\":[\"https:\/\/turismonoar.com.br\/index.php\/2024\/11\/07\/ministerio-do-turismo-leva-nova-lei-geral-do-turismo-para-a-festuris-2024\/\"]}]},{\"@type\":\"BreadcrumbList\",\"@id\":\"https:\/\/turismonoar.com.br\/index.php\/2024\/11\/07\/ministerio-do-turismo-leva-nova-lei-geral-do-turismo-para-a-festuris-2024\/#breadcrumb\",\"itemListElement\":[{\"@type\":\"ListItem\",\"position\":1,\"name\":\"In\\u00edcio\",\"item\":\"https:\/\/turismonoar.com.br\/\"},{\"@type\":\"ListItem\",\"position\":2,\"name\":\"Minist\\u00e9rio do Turismo leva Nova Lei Geral do Turismo para a Festuris 2024\"}]},{\"@type\":\"Person\",\"@id\":\"https:\/\/turismonoar.com.br\/#\/schema\/person\/052de1f2f2aa889d818e50dd32173c22\",\"name\":\"X3C6tkkG0W\",\"image\":{\"@type\":\"ImageObject\",\"@id\":\"https:\/\/turismonoar.com.br\/#personlogo\",\"inLanguage\":\"pt-BR\",\"url\":\"https:\/\/secure.gravatar.com\/avatar\/0d27a46a9fb82109c8ff4630af358828?s=96&d=mm&r=g\",\"contentUrl\":\"https:\/\/secure.gravatar.com\/avatar\/0d27a46a9fb82109c8ff4630af358828?s=96&d=mm&r=g\",\"caption\":\"X3C6tkkG0W\"},\"sameAs\":[\"http:\/\/turismonoar.com.br\"],\"url\":\"https:\/\/turismonoar.com.br\/index.php\/author\/x3c6tkkg0w\/\"}]}<\/script>\n<!-- \/ Yoast SEO plugin. -->","yoast_head_json":{"title":"Minist\u00e9rio do Turismo leva Nova Lei Geral do Turismo para a Festuris 2024 - Turismo no Ar","robots":{"index":"index","follow":"follow","max-snippet":"max-snippet:-1","max-image-preview":"max-image-preview:large","max-video-preview":"max-video-preview:-1"},"canonical":"https:\/\/turismonoar.com.br\/index.php\/2024\/11\/07\/ministerio-do-turismo-leva-nova-lei-geral-do-turismo-para-a-festuris-2024\/","og_locale":"pt_BR","og_type":"article","og_title":"Minist\u00e9rio do Turismo leva Nova Lei Geral do Turismo para a Festuris 2024 - Turismo no Ar","og_description":"O Minist\u00e9rio do Turismo estar\u00e1 presente nos quatro dias da Feira Internacional de Turismo (Festuris), que ocorrer\u00e1 entre os dias","og_url":"https:\/\/turismonoar.com.br\/index.php\/2024\/11\/07\/ministerio-do-turismo-leva-nova-lei-geral-do-turismo-para-a-festuris-2024\/","og_site_name":"Turismo no Ar","article_published_time":"2024-11-07T13:12:44+00:00","article_modified_time":"2024-11-07T13:12:46+00:00","og_image":[{"width":768,"height":434,"url":"http:\/\/turismonoar.com.br\/wp-content\/uploads\/2024\/11\/Festuris-2024.jpeg","path":"\/home\/turismo\/public_html\/wp-content\/uploads\/2024\/11\/Festuris-2024.jpeg","size":"full","id":3239,"alt":"","pixels":333312,"type":"image\/jpeg"}],"twitter_card":"summary_large_image","twitter_misc":{"Escrito por":"X3C6tkkG0W","Est. tempo de leitura":"3 minutos"},"schema":{"@context":"https:\/\/schema.org","@graph":[{"@type":"WebSite","@id":"https:\/\/turismonoar.com.br\/#website","url":"https:\/\/turismonoar.com.br\/","name":"Turismo no Ar","description":"Por Paulo Lopes","potentialAction":[{"@type":"SearchAction","target":{"@type":"EntryPoint","urlTemplate":"https:\/\/turismonoar.com.br\/?s={search_term_string}"},"query-input":"required name=search_term_string"}],"inLanguage":"pt-BR"},{"@type":"ImageObject","@id":"https:\/\/turismonoar.com.br\/index.php\/2024\/11\/07\/ministerio-do-turismo-leva-nova-lei-geral-do-turismo-para-a-festuris-2024\/#primaryimage","inLanguage":"pt-BR","url":"https:\/\/turismonoar.com.br\/wp-content\/uploads\/2024\/11\/Festuris-2024.jpeg","contentUrl":"https:\/\/turismonoar.com.br\/wp-content\/uploads\/2024\/11\/Festuris-2024.jpeg","width":768,"height":434},{"@type":"WebPage","@id":"https:\/\/turismonoar.com.br\/index.php\/2024\/11\/07\/ministerio-do-turismo-leva-nova-lei-geral-do-turismo-para-a-festuris-2024\/#webpage","url":"https:\/\/turismonoar.com.br\/index.php\/2024\/11\/07\/ministerio-do-turismo-leva-nova-lei-geral-do-turismo-para-a-festuris-2024\/","name":"Minist\u00e9rio do Turismo leva Nova Lei Geral do Turismo para a Festuris 2024 - Turismo no Ar","isPartOf":{"@id":"https:\/\/turismonoar.com.br\/#website"},"primaryImageOfPage":{"@id":"https:\/\/turismonoar.com.br\/index.php\/2024\/11\/07\/ministerio-do-turismo-leva-nova-lei-geral-do-turismo-para-a-festuris-2024\/#primaryimage"},"datePublished":"2024-11-07T13:12:44+00:00","dateModified":"2024-11-07T13:12:46+00:00","author":{"@id":"https:\/\/turismonoar.com.br\/#\/schema\/person\/052de1f2f2aa889d818e50dd32173c22"},"breadcrumb":{"@id":"https:\/\/turismonoar.com.br\/index.php\/2024\/11\/07\/ministerio-do-turismo-leva-nova-lei-geral-do-turismo-para-a-festuris-2024\/#breadcrumb"},"inLanguage":"pt-BR","potentialAction":[{"@type":"ReadAction","target":["https:\/\/turismonoar.com.br\/index.php\/2024\/11\/07\/ministerio-do-turismo-leva-nova-lei-geral-do-turismo-para-a-festuris-2024\/"]}]},{"@type":"BreadcrumbList","@id":"https:\/\/turismonoar.com.br\/index.php\/2024\/11\/07\/ministerio-do-turismo-leva-nova-lei-geral-do-turismo-para-a-festuris-2024\/#breadcrumb","itemListElement":[{"@type":"ListItem","position":1,"name":"In\u00edcio","item":"https:\/\/turismonoar.com.br\/"},{"@type":"ListItem","position":2,"name":"Minist\u00e9rio do Turismo leva Nova Lei Geral do Turismo para a Festuris 2024"}]},{"@type":"Person","@id":"https:\/\/turismonoar.com.br\/#\/schema\/person\/052de1f2f2aa889d818e50dd32173c22","name":"X3C6tkkG0W","image":{"@type":"ImageObject","@id":"https:\/\/turismonoar.com.br\/#personlogo","inLanguage":"pt-BR","url":"https:\/\/secure.gravatar.com\/avatar\/0d27a46a9fb82109c8ff4630af358828?s=96&d=mm&r=g","contentUrl":"https:\/\/secure.gravatar.com\/avatar\/0d27a46a9fb82109c8ff4630af358828?s=96&d=mm&r=g","caption":"X3C6tkkG0W"},"sameAs":["http:\/\/turismonoar.com.br"],"url":"https:\/\/turismonoar.com.br\/index.php\/author\/x3c6tkkg0w\/"}]}},"cc_featured_image_caption":{"caption_text":"Evento de neg\u00f3cios tur\u00edsticos das Am\u00e9ricas acontece na cidade de Gramado, no Rio Grande do Sul, de 7 a 10 de novembro. Divulga\u00e7\u00e3o Festuris\r\n\r\n","source_text":"","source_url":""},"_links":{"self":[{"href":"https:\/\/turismonoar.com.br\/index.php\/wp-json\/wp\/v2\/posts\/3238"}],"collection":[{"href":"https:\/\/turismonoar.com.br\/index.php\/wp-json\/wp\/v2\/posts"}],"about":[{"href":"https:\/\/turismonoar.com.br\/index.php\/wp-json\/wp\/v2\/types\/post"}],"author":[{"embeddable":true,"href":"https:\/\/turismonoar.com.br\/index.php\/wp-json\/wp\/v2\/users\/1"}],"replies":[{"embeddable":true,"href":"https:\/\/turismonoar.com.br\/index.php\/wp-json\/wp\/v2\/comments?post=3238"}],"version-history":[{"count":1,"href":"https:\/\/turismonoar.com.br\/index.php\/wp-json\/wp\/v2\/posts\/3238\/revisions"}],"predecessor-version":[{"id":3240,"href":"https:\/\/turismonoar.com.br\/index.php\/wp-json\/wp\/v2\/posts\/3238\/revisions\/3240"}],"wp:featuredmedia":[{"embeddable":true,"href":"https:\/\/turismonoar.com.br\/index.php\/wp-json\/wp\/v2\/media\/3239"}],"wp:attachment":[{"href":"https:\/\/turismonoar.com.br\/index.php\/wp-json\/wp\/v2\/media?parent=3238"}],"wp:term":[{"taxonomy":"category","embeddable":true,"href":"https:\/\/turismonoar.com.br\/index.php\/wp-json\/wp\/v2\/categories?post=3238"},{"taxonomy":"post_tag","embeddable":true,"href":"https:\/\/turismonoar.com.br\/index.php\/wp-json\/wp\/v2\/tags?post=3238"}],"curies":[{"name":"wp","href":"https:\/\/api.w.org\/{rel}","templated":true}]}}