{"id":5186,"date":"2026-09-01T17:13:47","date_gmt":"2026-09-01T17:13:47","guid":{"rendered":"http:\/\/turismonoar.com.br\/?p=5186"},"modified":"2026-09-01T17:24:41","modified_gmt":"2026-09-01T17:24:41","slug":"fim-da-escala-6x1-o-turismo-precisa-entrar-na-conta-dessa-discussao","status":"publish","type":"post","link":"https:\/\/turismonoar.com.br\/index.php\/2026\/09\/01\/fim-da-escala-6x1-o-turismo-precisa-entrar-na-conta-dessa-discussao\/","title":{"rendered":"Fim da escala 6&#215;1: o turismo precisa entrar na conta dessa discuss\u00e3o"},"content":{"rendered":"\n<p>Por Paulo Lopes &#8211; Turismo no Ar<\/p>\n\n\n\n<p>O debate sobre o fim da escala 6&#215;1 chegou a um momento decisivo no Congresso Nacional. A proposta que prev\u00ea dois dias de descanso semanal e redu\u00e7\u00e3o gradual da jornada para 40 horas est\u00e1 avan\u00e7ando no Senado e tem vota\u00e7\u00e3o prevista na Comiss\u00e3o de Constitui\u00e7\u00e3o e Justi\u00e7a nesta quarta-feira, 2 de setembro.<\/p>\n\n\n\n<p>\u00c9 um tema que vai muito al\u00e9m das rela\u00e7\u00f5es trabalhistas. Ele mexe diretamente com a economia, com os custos das empresas, com a gera\u00e7\u00e3o de empregos e, particularmente, com uma das atividades que mais dependem de m\u00e3o de obra: o turismo.<\/p>\n\n\n\n<p>Se uma empresa precisa contratar mais trabalhadores para manter a mesma opera\u00e7\u00e3o, naturalmente haver\u00e1 aumento da folha. Se aumentam os custos de opera\u00e7\u00e3o, surge uma press\u00e3o sobre os pre\u00e7os. No turismo, essa conta pode chegar \u00e0 di\u00e1ria do hotel, ao pre\u00e7o da refei\u00e7\u00e3o, ao servi\u00e7o tur\u00edstico, ao passeio, ao transporte e a toda a cadeia que movimenta o visitante.<\/p>\n\n\n\n<p>A pr\u00f3pria FBHA cita estudo da CNC segundo o qual o turismo est\u00e1 entre os segmentos mais vulner\u00e1veis aos efeitos da mudan\u00e7a, justamente pela intensidade da utiliza\u00e7\u00e3o de m\u00e3o de obra e pela dificuldade de substituir determinadas fun\u00e7\u00f5es por automa\u00e7\u00e3o.<\/p>\n\n\n\n<p>N\u00e3o podemos correr o risco de tornar mais caro viajar pelo Brasil justamente quando precisamos estimular o turismo dom\u00e9stico, aumentar a perman\u00eancia dos visitantes, gerar empregos e fortalecer destinos que dependem fortemente da atividade tur\u00edstica.<\/p>\n\n\n\n<p>Tamb\u00e9m \u00e9 preciso reconhecer que a busca por melhores condi\u00e7\u00f5es de trabalho \u00e9 leg\u00edtima. Mais tempo para descanso, conviv\u00eancia familiar e qualidade de vida pode produzir trabalhadores mais satisfeitos e, potencialmente, servi\u00e7os melhores.<\/p>\n\n\n\n<p>A quest\u00e3o, portanto, n\u00e3o deveria ser simplesmente &#8220;contra ou a favor do fim da escala 6&#215;1&#8221;. Como melhorar a qualidade de vida do trabalhador sem comprometer a capacidade de sobreviv\u00eancia das empresas, a gera\u00e7\u00e3o de empregos e a competitividade do turismo brasileiro?<\/p>\n\n\n\n<p>A realidade de um pequeno restaurante familiar no interior do Rio Grande do Norte n\u00e3o \u00e9 necessariamente a mesma de um grande resort de uma capital brasileira. Uma pousada de dez apartamentos n\u00e3o possui a mesma estrutura de um hotel com centenas de unidades.<\/p>\n\n\n\n<p>Por isso, talvez seja prudente que o debate contemple mecanismos de negocia\u00e7\u00e3o coletiva, transi\u00e7\u00e3o e adapta\u00e7\u00e3o setorial, em vez de simplesmente impor uma f\u00f3rmula \u00fanica para realidades t\u00e3o diferentes. O pr\u00f3prio hist\u00f3rico da discuss\u00e3o no Congresso mostra que o turismo j\u00e1 vem sendo tratado como um setor que merece an\u00e1lise espec\u00edfica. Em maio, a C\u00e2mara aprovou requerimento para uma audi\u00eancia p\u00fablica dedicada justamente aos impactos da redu\u00e7\u00e3o da jornada e do fim da escala 6&#215;1 sobre turismo, hotelaria, bares e restaurantes.<\/p>\n\n\n\n<p>O Brasil n\u00e3o pode discutir uma mudan\u00e7a estrutural na jornada de trabalho sem ouvir quem mant\u00e9m hot\u00e9is abertos, restaurantes funcionando, parques recebendo visitantes, aeroportos movimentados e destinos tur\u00edsticos operando todos os dias do ano.<\/p>\n\n\n\n<p>Da mesma forma, n\u00e3o pode ignorar os trabalhadores que fazem toda essa engrenagem funcionar. \u00c9 preciso colocar os dois lados da mesa. O Turismo no Ar entende que o momento exige <strong>di\u00e1logo, estudos, n\u00fameros e negocia\u00e7\u00e3o<\/strong>.<\/p>\n\n\n\n<p>O turismo brasileiro precisa de trabalhadores valorizados, de empresas competitivas, de pre\u00e7os que caibam no bolso do visitante. E precisa, sobretudo, de seguran\u00e7a para planejar o futuro.<\/p>\n\n\n\n<p>O fim da escala 6&#215;1 pode representar uma evolu\u00e7\u00e3o nas rela\u00e7\u00f5es de trabalho. Mas, para o turismo, essa evolu\u00e7\u00e3o precisa ser constru\u00edda com responsabilidade, di\u00e1logo e os p\u00e9s no ch\u00e3o. Porque, no final das contas, quem paga a conta do turismo \u00e9 o turista e quem sustenta o turismo \u00e9 o trabalhador<strong>.<\/strong><\/p>\n","protected":false},"excerpt":{"rendered":"<p>Por Paulo Lopes &#8211; Turismo no Ar O debate sobre o fim da escala 6&#215;1 chegou a um momento decisivo<\/p>\n","protected":false},"author":1,"featured_media":254,"comment_status":"open","ping_status":"open","sticky":false,"template":"","format":"standard","meta":[],"categories":[570],"tags":[],"yoast_head":"<!-- This site is optimized with the Yoast SEO plugin v17.0 - https:\/\/yoast.com\/wordpress\/plugins\/seo\/ -->\n<title>Fim da escala 6x1: o turismo precisa entrar na conta dessa discuss\u00e3o - Turismo no Ar<\/title>\n<meta name=\"robots\" content=\"index, follow, max-snippet:-1, max-image-preview:large, max-video-preview:-1\" \/>\n<link rel=\"canonical\" href=\"http:\/\/turismonoar.com.br\/index.php\/2026\/09\/01\/fim-da-escala-6x1-o-turismo-precisa-entrar-na-conta-dessa-discussao\/\" \/>\n<meta property=\"og:locale\" content=\"pt_BR\" \/>\n<meta property=\"og:type\" content=\"article\" \/>\n<meta property=\"og:title\" content=\"Fim da escala 6x1: o turismo precisa entrar na conta dessa discuss\u00e3o - Turismo no Ar\" \/>\n<meta property=\"og:description\" content=\"Por Paulo Lopes &#8211; Turismo no Ar O debate sobre o fim da escala 6&#215;1 chegou a um momento decisivo\" \/>\n<meta property=\"og:url\" content=\"http:\/\/turismonoar.com.br\/index.php\/2026\/09\/01\/fim-da-escala-6x1-o-turismo-precisa-entrar-na-conta-dessa-discussao\/\" \/>\n<meta property=\"og:site_name\" content=\"Turismo no Ar\" \/>\n<meta property=\"article:published_time\" content=\"2026-09-01T17:13:47+00:00\" \/>\n<meta property=\"article:modified_time\" content=\"2026-09-01T17:24:41+00:00\" \/>\n<meta property=\"og:image\" content=\"http:\/\/turismonoar.com.br\/wp-content\/uploads\/2021\/09\/222965489.jpg\" \/>\n\t<meta property=\"og:image:width\" content=\"1024\" \/>\n\t<meta property=\"og:image:height\" content=\"735\" \/>\n<meta name=\"twitter:card\" content=\"summary_large_image\" \/>\n<meta name=\"twitter:label1\" content=\"Escrito por\" \/>\n\t<meta name=\"twitter:data1\" content=\"X3C6tkkG0W\" \/>\n\t<meta name=\"twitter:label2\" content=\"Est. tempo de leitura\" \/>\n\t<meta name=\"twitter:data2\" content=\"3 minutos\" \/>\n<script type=\"application\/ld+json\" class=\"yoast-schema-graph\">{\"@context\":\"https:\/\/schema.org\",\"@graph\":[{\"@type\":\"WebSite\",\"@id\":\"https:\/\/turismonoar.com.br\/#website\",\"url\":\"https:\/\/turismonoar.com.br\/\",\"name\":\"Turismo no Ar\",\"description\":\"Por Paulo Lopes\",\"potentialAction\":[{\"@type\":\"SearchAction\",\"target\":{\"@type\":\"EntryPoint\",\"urlTemplate\":\"https:\/\/turismonoar.com.br\/?s={search_term_string}\"},\"query-input\":\"required name=search_term_string\"}],\"inLanguage\":\"pt-BR\"},{\"@type\":\"ImageObject\",\"@id\":\"http:\/\/turismonoar.com.br\/index.php\/2026\/09\/01\/fim-da-escala-6x1-o-turismo-precisa-entrar-na-conta-dessa-discussao\/#primaryimage\",\"inLanguage\":\"pt-BR\",\"url\":\"https:\/\/turismonoar.com.br\/wp-content\/uploads\/2021\/09\/222965489.jpg\",\"contentUrl\":\"https:\/\/turismonoar.com.br\/wp-content\/uploads\/2021\/09\/222965489.jpg\",\"width\":1024,\"height\":735,\"caption\":\"Hotel Village do Sol no litoral de Parnamirim\/RN. Foto:Divulga\\u00e7\\u00e3o.\"},{\"@type\":\"WebPage\",\"@id\":\"http:\/\/turismonoar.com.br\/index.php\/2026\/09\/01\/fim-da-escala-6x1-o-turismo-precisa-entrar-na-conta-dessa-discussao\/#webpage\",\"url\":\"http:\/\/turismonoar.com.br\/index.php\/2026\/09\/01\/fim-da-escala-6x1-o-turismo-precisa-entrar-na-conta-dessa-discussao\/\",\"name\":\"Fim da escala 6x1: o turismo precisa entrar na conta dessa discuss\\u00e3o - Turismo no Ar\",\"isPartOf\":{\"@id\":\"https:\/\/turismonoar.com.br\/#website\"},\"primaryImageOfPage\":{\"@id\":\"http:\/\/turismonoar.com.br\/index.php\/2026\/09\/01\/fim-da-escala-6x1-o-turismo-precisa-entrar-na-conta-dessa-discussao\/#primaryimage\"},\"datePublished\":\"2026-09-01T17:13:47+00:00\",\"dateModified\":\"2026-09-01T17:24:41+00:00\",\"author\":{\"@id\":\"https:\/\/turismonoar.com.br\/#\/schema\/person\/052de1f2f2aa889d818e50dd32173c22\"},\"breadcrumb\":{\"@id\":\"http:\/\/turismonoar.com.br\/index.php\/2026\/09\/01\/fim-da-escala-6x1-o-turismo-precisa-entrar-na-conta-dessa-discussao\/#breadcrumb\"},\"inLanguage\":\"pt-BR\",\"potentialAction\":[{\"@type\":\"ReadAction\",\"target\":[\"http:\/\/turismonoar.com.br\/index.php\/2026\/09\/01\/fim-da-escala-6x1-o-turismo-precisa-entrar-na-conta-dessa-discussao\/\"]}]},{\"@type\":\"BreadcrumbList\",\"@id\":\"http:\/\/turismonoar.com.br\/index.php\/2026\/09\/01\/fim-da-escala-6x1-o-turismo-precisa-entrar-na-conta-dessa-discussao\/#breadcrumb\",\"itemListElement\":[{\"@type\":\"ListItem\",\"position\":1,\"name\":\"In\\u00edcio\",\"item\":\"https:\/\/turismonoar.com.br\/\"},{\"@type\":\"ListItem\",\"position\":2,\"name\":\"Fim da escala 6&#215;1: o turismo precisa entrar na conta dessa discuss\\u00e3o\"}]},{\"@type\":\"Person\",\"@id\":\"https:\/\/turismonoar.com.br\/#\/schema\/person\/052de1f2f2aa889d818e50dd32173c22\",\"name\":\"X3C6tkkG0W\",\"image\":{\"@type\":\"ImageObject\",\"@id\":\"https:\/\/turismonoar.com.br\/#personlogo\",\"inLanguage\":\"pt-BR\",\"url\":\"https:\/\/secure.gravatar.com\/avatar\/0d27a46a9fb82109c8ff4630af358828?s=96&d=mm&r=g\",\"contentUrl\":\"https:\/\/secure.gravatar.com\/avatar\/0d27a46a9fb82109c8ff4630af358828?s=96&d=mm&r=g\",\"caption\":\"X3C6tkkG0W\"},\"sameAs\":[\"http:\/\/turismonoar.com.br\"],\"url\":\"https:\/\/turismonoar.com.br\/index.php\/author\/x3c6tkkg0w\/\"}]}<\/script>\n<!-- \/ Yoast SEO plugin. -->","yoast_head_json":{"title":"Fim da escala 6x1: o turismo precisa entrar na conta dessa discuss\u00e3o - Turismo no Ar","robots":{"index":"index","follow":"follow","max-snippet":"max-snippet:-1","max-image-preview":"max-image-preview:large","max-video-preview":"max-video-preview:-1"},"canonical":"http:\/\/turismonoar.com.br\/index.php\/2026\/09\/01\/fim-da-escala-6x1-o-turismo-precisa-entrar-na-conta-dessa-discussao\/","og_locale":"pt_BR","og_type":"article","og_title":"Fim da escala 6x1: o turismo precisa entrar na conta dessa discuss\u00e3o - Turismo no Ar","og_description":"Por Paulo Lopes &#8211; Turismo no Ar O debate sobre o fim da escala 6&#215;1 chegou a um momento decisivo","og_url":"http:\/\/turismonoar.com.br\/index.php\/2026\/09\/01\/fim-da-escala-6x1-o-turismo-precisa-entrar-na-conta-dessa-discussao\/","og_site_name":"Turismo no Ar","article_published_time":"2026-09-01T17:13:47+00:00","article_modified_time":"2026-09-01T17:24:41+00:00","og_image":[{"width":1024,"height":735,"url":"http:\/\/turismonoar.com.br\/wp-content\/uploads\/2021\/09\/222965489.jpg","path":"\/home\/turismo\/public_html\/wp-content\/uploads\/2021\/09\/222965489.jpg","size":"full","id":254,"alt":"","pixels":752640,"type":"image\/jpeg"}],"twitter_card":"summary_large_image","twitter_misc":{"Escrito por":"X3C6tkkG0W","Est. tempo de leitura":"3 minutos"},"schema":{"@context":"https:\/\/schema.org","@graph":[{"@type":"WebSite","@id":"https:\/\/turismonoar.com.br\/#website","url":"https:\/\/turismonoar.com.br\/","name":"Turismo no Ar","description":"Por Paulo Lopes","potentialAction":[{"@type":"SearchAction","target":{"@type":"EntryPoint","urlTemplate":"https:\/\/turismonoar.com.br\/?s={search_term_string}"},"query-input":"required name=search_term_string"}],"inLanguage":"pt-BR"},{"@type":"ImageObject","@id":"http:\/\/turismonoar.com.br\/index.php\/2026\/09\/01\/fim-da-escala-6x1-o-turismo-precisa-entrar-na-conta-dessa-discussao\/#primaryimage","inLanguage":"pt-BR","url":"https:\/\/turismonoar.com.br\/wp-content\/uploads\/2021\/09\/222965489.jpg","contentUrl":"https:\/\/turismonoar.com.br\/wp-content\/uploads\/2021\/09\/222965489.jpg","width":1024,"height":735,"caption":"Hotel Village do Sol no litoral de Parnamirim\/RN. Foto:Divulga\u00e7\u00e3o."},{"@type":"WebPage","@id":"http:\/\/turismonoar.com.br\/index.php\/2026\/09\/01\/fim-da-escala-6x1-o-turismo-precisa-entrar-na-conta-dessa-discussao\/#webpage","url":"http:\/\/turismonoar.com.br\/index.php\/2026\/09\/01\/fim-da-escala-6x1-o-turismo-precisa-entrar-na-conta-dessa-discussao\/","name":"Fim da escala 6x1: o turismo precisa entrar na conta dessa discuss\u00e3o - Turismo no Ar","isPartOf":{"@id":"https:\/\/turismonoar.com.br\/#website"},"primaryImageOfPage":{"@id":"http:\/\/turismonoar.com.br\/index.php\/2026\/09\/01\/fim-da-escala-6x1-o-turismo-precisa-entrar-na-conta-dessa-discussao\/#primaryimage"},"datePublished":"2026-09-01T17:13:47+00:00","dateModified":"2026-09-01T17:24:41+00:00","author":{"@id":"https:\/\/turismonoar.com.br\/#\/schema\/person\/052de1f2f2aa889d818e50dd32173c22"},"breadcrumb":{"@id":"http:\/\/turismonoar.com.br\/index.php\/2026\/09\/01\/fim-da-escala-6x1-o-turismo-precisa-entrar-na-conta-dessa-discussao\/#breadcrumb"},"inLanguage":"pt-BR","potentialAction":[{"@type":"ReadAction","target":["http:\/\/turismonoar.com.br\/index.php\/2026\/09\/01\/fim-da-escala-6x1-o-turismo-precisa-entrar-na-conta-dessa-discussao\/"]}]},{"@type":"BreadcrumbList","@id":"http:\/\/turismonoar.com.br\/index.php\/2026\/09\/01\/fim-da-escala-6x1-o-turismo-precisa-entrar-na-conta-dessa-discussao\/#breadcrumb","itemListElement":[{"@type":"ListItem","position":1,"name":"In\u00edcio","item":"https:\/\/turismonoar.com.br\/"},{"@type":"ListItem","position":2,"name":"Fim da escala 6&#215;1: o turismo precisa entrar na conta dessa discuss\u00e3o"}]},{"@type":"Person","@id":"https:\/\/turismonoar.com.br\/#\/schema\/person\/052de1f2f2aa889d818e50dd32173c22","name":"X3C6tkkG0W","image":{"@type":"ImageObject","@id":"https:\/\/turismonoar.com.br\/#personlogo","inLanguage":"pt-BR","url":"https:\/\/secure.gravatar.com\/avatar\/0d27a46a9fb82109c8ff4630af358828?s=96&d=mm&r=g","contentUrl":"https:\/\/secure.gravatar.com\/avatar\/0d27a46a9fb82109c8ff4630af358828?s=96&d=mm&r=g","caption":"X3C6tkkG0W"},"sameAs":["http:\/\/turismonoar.com.br"],"url":"https:\/\/turismonoar.com.br\/index.php\/author\/x3c6tkkg0w\/"}]}},"cc_featured_image_caption":{"caption_text":"O blog neste momento: levanta a bola para que governo, pol\u00edticos, trabalhadores e empres\u00e1rios discutam a quest\u00e3o olhando para a realidade do turismo brasileiro. Cr\u00e9dito. Divulga\u00e7\u00e3o.","source_text":"","source_url":""},"_links":{"self":[{"href":"https:\/\/turismonoar.com.br\/index.php\/wp-json\/wp\/v2\/posts\/5186"}],"collection":[{"href":"https:\/\/turismonoar.com.br\/index.php\/wp-json\/wp\/v2\/posts"}],"about":[{"href":"https:\/\/turismonoar.com.br\/index.php\/wp-json\/wp\/v2\/types\/post"}],"author":[{"embeddable":true,"href":"https:\/\/turismonoar.com.br\/index.php\/wp-json\/wp\/v2\/users\/1"}],"replies":[{"embeddable":true,"href":"https:\/\/turismonoar.com.br\/index.php\/wp-json\/wp\/v2\/comments?post=5186"}],"version-history":[{"count":2,"href":"https:\/\/turismonoar.com.br\/index.php\/wp-json\/wp\/v2\/posts\/5186\/revisions"}],"predecessor-version":[{"id":5188,"href":"https:\/\/turismonoar.com.br\/index.php\/wp-json\/wp\/v2\/posts\/5186\/revisions\/5188"}],"wp:featuredmedia":[{"embeddable":true,"href":"https:\/\/turismonoar.com.br\/index.php\/wp-json\/wp\/v2\/media\/254"}],"wp:attachment":[{"href":"https:\/\/turismonoar.com.br\/index.php\/wp-json\/wp\/v2\/media?parent=5186"}],"wp:term":[{"taxonomy":"category","embeddable":true,"href":"https:\/\/turismonoar.com.br\/index.php\/wp-json\/wp\/v2\/categories?post=5186"},{"taxonomy":"post_tag","embeddable":true,"href":"https:\/\/turismonoar.com.br\/index.php\/wp-json\/wp\/v2\/tags?post=5186"}],"curies":[{"name":"wp","href":"https:\/\/api.w.org\/{rel}","templated":true}]}}