{"id":5190,"date":"2026-09-02T13:31:03","date_gmt":"2026-09-02T13:31:03","guid":{"rendered":"http:\/\/turismonoar.com.br\/?p=5190"},"modified":"2026-09-02T13:38:22","modified_gmt":"2026-09-02T13:38:22","slug":"fabrica-sao-pedro-de-alcantara-quando-a-historia-volta-a-produzir-futuro-em-petropolis","status":"publish","type":"post","link":"https:\/\/turismonoar.com.br\/index.php\/2026\/09\/02\/fabrica-sao-pedro-de-alcantara-quando-a-historia-volta-a-produzir-futuro-em-petropolis\/","title":{"rendered":"F\u00e1brica S\u00e3o Pedro de Alc\u00e2ntara: quando a hist\u00f3ria volta a produzir futuro em Petr\u00f3polis"},"content":{"rendered":"\n<p>Por Paulo Lopes &#8211; Turismo no Ar<\/p>\n\n\n\n<p>Petr\u00f3polis tem uma rela\u00e7\u00e3o muito particular com sua hist\u00f3ria. A cidade nasceu marcada pela presen\u00e7a da Fam\u00edlia Imperial, mas tamb\u00e9m construiu, ao longo do tempo, uma trajet\u00f3ria de trabalho, ind\u00fastria, cultura, gastronomia e inova\u00e7\u00e3o. \u00c9 justamente nessa combina\u00e7\u00e3o entre passado e futuro que surge uma iniciativa que merece a aten\u00e7\u00e3o de quem pensa o turismo como instrumento de desenvolvimento.<\/p>\n\n\n\n<p>A antiga <strong>F\u00e1brica S\u00e3o Pedro de Alc\u00e2ntara<\/strong>, inaugurada em 1871 e considerada um dos importantes marcos da industrializa\u00e7\u00e3o de Petr\u00f3polis, est\u00e1 passando por um processo de revitaliza\u00e7\u00e3o que pretende transformar o hist\u00f3rico conjunto em um novo espa\u00e7o de gastronomia, cultura, turismo e economia criativa.<\/p>\n\n\n\n<p>Localizada na Avenida Washington Lu\u00eds, a f\u00e1brica ocupa uma posi\u00e7\u00e3o estrat\u00e9gica dentro do roteiro tur\u00edstico da cidade. Est\u00e1 pr\u00f3xima de alguns dos principais atrativos de Petr\u00f3polis, como o Museu Imperial, a Casa de Santos Dumont, a Pra\u00e7a da Liberdade e o centro hist\u00f3rico. N\u00e3o se trata apenas de recuperar um pr\u00e9dio antigo. Trata-se de recolocar um patrim\u00f4nio hist\u00f3rico dentro da din\u00e2mica tur\u00edstica contempor\u00e2nea da cidade. Durante d\u00e9cadas, aquele espa\u00e7o, que um dia representou trabalho, produ\u00e7\u00e3o e desenvolvimento econ\u00f4mico, perdeu protagonismo. Agora, a proposta do chamado <strong>F\u00e1brica Park<\/strong> \u00e9 dar ao patrim\u00f4nio uma nova fun\u00e7\u00e3o, sem apagar sua mem\u00f3ria.<\/p>\n\n\n\n<p>A proposta de combinar gastronomia, cultura, pequenos produtores, empreendedorismo, experi\u00eancias e economia criativa transforma o patrim\u00f4nio em um equipamento vivo. A hist\u00f3ria deixa de ser apenas uma lembran\u00e7a e passa a fazer parte da experi\u00eancia do visitante. \u00c9 uma esp\u00e9cie de oxigena\u00e7\u00e3o do destino tur\u00edstico. Petr\u00f3polis j\u00e1 possui uma marca fort\u00edssima associada \u00e0 sua condi\u00e7\u00e3o de Cidade Imperial. Mas destinos consolidados precisam constantemente renovar seus produtos, criar novos motivos para a visita e oferecer novas experi\u00eancias ao turista que retorna.<\/p>\n\n\n\n<p>A revitaliza\u00e7\u00e3o da S\u00e3o Pedro de Alc\u00e2ntara pode ajudar a ampliar a perman\u00eancia do visitante, estimular a circula\u00e7\u00e3o pelo centro hist\u00f3rico, fortalecer empreendedores locais e criar uma nova conex\u00e3o entre patrim\u00f4nio, gastronomia e economia criativa. E h\u00e1 ainda um simbolismo especial: uma f\u00e1brica que nasceu no s\u00e9culo XIX para produzir riqueza e trabalho pode voltar, mais de 150 anos depois, a cumprir uma fun\u00e7\u00e3o semelhante, agora produzindo <strong>experi\u00eancias, cultura, neg\u00f3cios, empregos e turismo<\/strong>.<\/p>\n","protected":false},"excerpt":{"rendered":"<p>Por Paulo Lopes &#8211; Turismo no Ar Petr\u00f3polis tem uma rela\u00e7\u00e3o muito particular com sua hist\u00f3ria. A cidade nasceu marcada<\/p>\n","protected":false},"author":1,"featured_media":5195,"comment_status":"open","ping_status":"open","sticky":false,"template":"","format":"standard","meta":[],"categories":[571],"tags":[],"yoast_head":"<!-- This site is optimized with the Yoast SEO plugin v17.0 - https:\/\/yoast.com\/wordpress\/plugins\/seo\/ -->\n<title>F\u00e1brica S\u00e3o Pedro de Alc\u00e2ntara: quando a hist\u00f3ria volta a produzir futuro em Petr\u00f3polis - Turismo no Ar<\/title>\n<meta name=\"robots\" content=\"index, follow, max-snippet:-1, max-image-preview:large, max-video-preview:-1\" \/>\n<link rel=\"canonical\" href=\"https:\/\/turismonoar.com.br\/index.php\/2026\/09\/02\/fabrica-sao-pedro-de-alcantara-quando-a-historia-volta-a-produzir-futuro-em-petropolis\/\" \/>\n<meta property=\"og:locale\" content=\"pt_BR\" \/>\n<meta property=\"og:type\" content=\"article\" \/>\n<meta property=\"og:title\" content=\"F\u00e1brica S\u00e3o Pedro de Alc\u00e2ntara: quando a hist\u00f3ria volta a produzir futuro em Petr\u00f3polis - Turismo no Ar\" \/>\n<meta property=\"og:description\" content=\"Por Paulo Lopes &#8211; Turismo no Ar Petr\u00f3polis tem uma rela\u00e7\u00e3o muito particular com sua hist\u00f3ria. A cidade nasceu marcada\" \/>\n<meta property=\"og:url\" content=\"https:\/\/turismonoar.com.br\/index.php\/2026\/09\/02\/fabrica-sao-pedro-de-alcantara-quando-a-historia-volta-a-produzir-futuro-em-petropolis\/\" \/>\n<meta property=\"og:site_name\" content=\"Turismo no Ar\" \/>\n<meta property=\"article:published_time\" content=\"2026-09-02T13:31:03+00:00\" \/>\n<meta property=\"article:modified_time\" content=\"2026-09-02T13:38:22+00:00\" \/>\n<meta property=\"og:image\" content=\"http:\/\/turismonoar.com.br\/wp-content\/uploads\/2026\/09\/Predio-2.jpg\" \/>\n\t<meta property=\"og:image:width\" content=\"468\" \/>\n\t<meta property=\"og:image:height\" content=\"700\" \/>\n<meta name=\"twitter:card\" content=\"summary_large_image\" \/>\n<meta name=\"twitter:label1\" content=\"Escrito por\" \/>\n\t<meta name=\"twitter:data1\" content=\"X3C6tkkG0W\" \/>\n\t<meta name=\"twitter:label2\" content=\"Est. tempo de leitura\" \/>\n\t<meta name=\"twitter:data2\" content=\"2 minutos\" \/>\n<script type=\"application\/ld+json\" class=\"yoast-schema-graph\">{\"@context\":\"https:\/\/schema.org\",\"@graph\":[{\"@type\":\"WebSite\",\"@id\":\"http:\/\/turismonoar.com.br\/#website\",\"url\":\"http:\/\/turismonoar.com.br\/\",\"name\":\"Turismo no Ar\",\"description\":\"Por Paulo Lopes\",\"potentialAction\":[{\"@type\":\"SearchAction\",\"target\":{\"@type\":\"EntryPoint\",\"urlTemplate\":\"http:\/\/turismonoar.com.br\/?s={search_term_string}\"},\"query-input\":\"required name=search_term_string\"}],\"inLanguage\":\"pt-BR\"},{\"@type\":\"ImageObject\",\"@id\":\"https:\/\/turismonoar.com.br\/index.php\/2026\/09\/02\/fabrica-sao-pedro-de-alcantara-quando-a-historia-volta-a-produzir-futuro-em-petropolis\/#primaryimage\",\"inLanguage\":\"pt-BR\",\"url\":\"https:\/\/turismonoar.com.br\/wp-content\/uploads\/2026\/09\/Predio-2.jpg\",\"contentUrl\":\"https:\/\/turismonoar.com.br\/wp-content\/uploads\/2026\/09\/Predio-2.jpg\",\"width\":468,\"height\":700},{\"@type\":\"WebPage\",\"@id\":\"https:\/\/turismonoar.com.br\/index.php\/2026\/09\/02\/fabrica-sao-pedro-de-alcantara-quando-a-historia-volta-a-produzir-futuro-em-petropolis\/#webpage\",\"url\":\"https:\/\/turismonoar.com.br\/index.php\/2026\/09\/02\/fabrica-sao-pedro-de-alcantara-quando-a-historia-volta-a-produzir-futuro-em-petropolis\/\",\"name\":\"F\\u00e1brica S\\u00e3o Pedro de Alc\\u00e2ntara: quando a hist\\u00f3ria volta a produzir futuro em Petr\\u00f3polis - Turismo no Ar\",\"isPartOf\":{\"@id\":\"http:\/\/turismonoar.com.br\/#website\"},\"primaryImageOfPage\":{\"@id\":\"https:\/\/turismonoar.com.br\/index.php\/2026\/09\/02\/fabrica-sao-pedro-de-alcantara-quando-a-historia-volta-a-produzir-futuro-em-petropolis\/#primaryimage\"},\"datePublished\":\"2026-09-02T13:31:03+00:00\",\"dateModified\":\"2026-09-02T13:38:22+00:00\",\"author\":{\"@id\":\"http:\/\/turismonoar.com.br\/#\/schema\/person\/052de1f2f2aa889d818e50dd32173c22\"},\"breadcrumb\":{\"@id\":\"https:\/\/turismonoar.com.br\/index.php\/2026\/09\/02\/fabrica-sao-pedro-de-alcantara-quando-a-historia-volta-a-produzir-futuro-em-petropolis\/#breadcrumb\"},\"inLanguage\":\"pt-BR\",\"potentialAction\":[{\"@type\":\"ReadAction\",\"target\":[\"https:\/\/turismonoar.com.br\/index.php\/2026\/09\/02\/fabrica-sao-pedro-de-alcantara-quando-a-historia-volta-a-produzir-futuro-em-petropolis\/\"]}]},{\"@type\":\"BreadcrumbList\",\"@id\":\"https:\/\/turismonoar.com.br\/index.php\/2026\/09\/02\/fabrica-sao-pedro-de-alcantara-quando-a-historia-volta-a-produzir-futuro-em-petropolis\/#breadcrumb\",\"itemListElement\":[{\"@type\":\"ListItem\",\"position\":1,\"name\":\"In\\u00edcio\",\"item\":\"http:\/\/turismonoar.com.br\/\"},{\"@type\":\"ListItem\",\"position\":2,\"name\":\"F\\u00e1brica S\\u00e3o Pedro de Alc\\u00e2ntara: quando a hist\\u00f3ria volta a produzir futuro em Petr\\u00f3polis\"}]},{\"@type\":\"Person\",\"@id\":\"http:\/\/turismonoar.com.br\/#\/schema\/person\/052de1f2f2aa889d818e50dd32173c22\",\"name\":\"X3C6tkkG0W\",\"image\":{\"@type\":\"ImageObject\",\"@id\":\"http:\/\/turismonoar.com.br\/#personlogo\",\"inLanguage\":\"pt-BR\",\"url\":\"https:\/\/secure.gravatar.com\/avatar\/0d27a46a9fb82109c8ff4630af358828?s=96&d=mm&r=g\",\"contentUrl\":\"https:\/\/secure.gravatar.com\/avatar\/0d27a46a9fb82109c8ff4630af358828?s=96&d=mm&r=g\",\"caption\":\"X3C6tkkG0W\"},\"sameAs\":[\"http:\/\/turismonoar.com.br\"],\"url\":\"https:\/\/turismonoar.com.br\/index.php\/author\/x3c6tkkg0w\/\"}]}<\/script>\n<!-- \/ Yoast SEO plugin. -->","yoast_head_json":{"title":"F\u00e1brica S\u00e3o Pedro de Alc\u00e2ntara: quando a hist\u00f3ria volta a produzir futuro em Petr\u00f3polis - Turismo no Ar","robots":{"index":"index","follow":"follow","max-snippet":"max-snippet:-1","max-image-preview":"max-image-preview:large","max-video-preview":"max-video-preview:-1"},"canonical":"https:\/\/turismonoar.com.br\/index.php\/2026\/09\/02\/fabrica-sao-pedro-de-alcantara-quando-a-historia-volta-a-produzir-futuro-em-petropolis\/","og_locale":"pt_BR","og_type":"article","og_title":"F\u00e1brica S\u00e3o Pedro de Alc\u00e2ntara: quando a hist\u00f3ria volta a produzir futuro em Petr\u00f3polis - Turismo no Ar","og_description":"Por Paulo Lopes &#8211; Turismo no Ar Petr\u00f3polis tem uma rela\u00e7\u00e3o muito particular com sua hist\u00f3ria. A cidade nasceu marcada","og_url":"https:\/\/turismonoar.com.br\/index.php\/2026\/09\/02\/fabrica-sao-pedro-de-alcantara-quando-a-historia-volta-a-produzir-futuro-em-petropolis\/","og_site_name":"Turismo no Ar","article_published_time":"2026-09-02T13:31:03+00:00","article_modified_time":"2026-09-02T13:38:22+00:00","og_image":[{"width":468,"height":700,"url":"http:\/\/turismonoar.com.br\/wp-content\/uploads\/2026\/09\/Predio-2.jpg","path":"\/home\/turismo\/public_html\/wp-content\/uploads\/2026\/09\/Predio-2.jpg","size":"full","id":5195,"alt":"","pixels":327600,"type":"image\/jpeg"}],"twitter_card":"summary_large_image","twitter_misc":{"Escrito por":"X3C6tkkG0W","Est. tempo de leitura":"2 minutos"},"schema":{"@context":"https:\/\/schema.org","@graph":[{"@type":"WebSite","@id":"http:\/\/turismonoar.com.br\/#website","url":"http:\/\/turismonoar.com.br\/","name":"Turismo no Ar","description":"Por Paulo Lopes","potentialAction":[{"@type":"SearchAction","target":{"@type":"EntryPoint","urlTemplate":"http:\/\/turismonoar.com.br\/?s={search_term_string}"},"query-input":"required name=search_term_string"}],"inLanguage":"pt-BR"},{"@type":"ImageObject","@id":"https:\/\/turismonoar.com.br\/index.php\/2026\/09\/02\/fabrica-sao-pedro-de-alcantara-quando-a-historia-volta-a-produzir-futuro-em-petropolis\/#primaryimage","inLanguage":"pt-BR","url":"https:\/\/turismonoar.com.br\/wp-content\/uploads\/2026\/09\/Predio-2.jpg","contentUrl":"https:\/\/turismonoar.com.br\/wp-content\/uploads\/2026\/09\/Predio-2.jpg","width":468,"height":700},{"@type":"WebPage","@id":"https:\/\/turismonoar.com.br\/index.php\/2026\/09\/02\/fabrica-sao-pedro-de-alcantara-quando-a-historia-volta-a-produzir-futuro-em-petropolis\/#webpage","url":"https:\/\/turismonoar.com.br\/index.php\/2026\/09\/02\/fabrica-sao-pedro-de-alcantara-quando-a-historia-volta-a-produzir-futuro-em-petropolis\/","name":"F\u00e1brica S\u00e3o Pedro de Alc\u00e2ntara: quando a hist\u00f3ria volta a produzir futuro em Petr\u00f3polis - Turismo no Ar","isPartOf":{"@id":"http:\/\/turismonoar.com.br\/#website"},"primaryImageOfPage":{"@id":"https:\/\/turismonoar.com.br\/index.php\/2026\/09\/02\/fabrica-sao-pedro-de-alcantara-quando-a-historia-volta-a-produzir-futuro-em-petropolis\/#primaryimage"},"datePublished":"2026-09-02T13:31:03+00:00","dateModified":"2026-09-02T13:38:22+00:00","author":{"@id":"http:\/\/turismonoar.com.br\/#\/schema\/person\/052de1f2f2aa889d818e50dd32173c22"},"breadcrumb":{"@id":"https:\/\/turismonoar.com.br\/index.php\/2026\/09\/02\/fabrica-sao-pedro-de-alcantara-quando-a-historia-volta-a-produzir-futuro-em-petropolis\/#breadcrumb"},"inLanguage":"pt-BR","potentialAction":[{"@type":"ReadAction","target":["https:\/\/turismonoar.com.br\/index.php\/2026\/09\/02\/fabrica-sao-pedro-de-alcantara-quando-a-historia-volta-a-produzir-futuro-em-petropolis\/"]}]},{"@type":"BreadcrumbList","@id":"https:\/\/turismonoar.com.br\/index.php\/2026\/09\/02\/fabrica-sao-pedro-de-alcantara-quando-a-historia-volta-a-produzir-futuro-em-petropolis\/#breadcrumb","itemListElement":[{"@type":"ListItem","position":1,"name":"In\u00edcio","item":"http:\/\/turismonoar.com.br\/"},{"@type":"ListItem","position":2,"name":"F\u00e1brica S\u00e3o Pedro de Alc\u00e2ntara: quando a hist\u00f3ria volta a produzir futuro em Petr\u00f3polis"}]},{"@type":"Person","@id":"http:\/\/turismonoar.com.br\/#\/schema\/person\/052de1f2f2aa889d818e50dd32173c22","name":"X3C6tkkG0W","image":{"@type":"ImageObject","@id":"http:\/\/turismonoar.com.br\/#personlogo","inLanguage":"pt-BR","url":"https:\/\/secure.gravatar.com\/avatar\/0d27a46a9fb82109c8ff4630af358828?s=96&d=mm&r=g","contentUrl":"https:\/\/secure.gravatar.com\/avatar\/0d27a46a9fb82109c8ff4630af358828?s=96&d=mm&r=g","caption":"X3C6tkkG0W"},"sameAs":["http:\/\/turismonoar.com.br"],"url":"https:\/\/turismonoar.com.br\/index.php\/author\/x3c6tkkg0w\/"}]}},"cc_featured_image_caption":{"caption_text":"Pr\u00e9dio da antiga F\u00e1brica S\u00e3o Pedro de Alc\u00e2ntara em Petr\u00f3polis\/RJ. Cr\u00e9dito. Nereida Vinhaes.","source_text":"","source_url":""},"_links":{"self":[{"href":"https:\/\/turismonoar.com.br\/index.php\/wp-json\/wp\/v2\/posts\/5190"}],"collection":[{"href":"https:\/\/turismonoar.com.br\/index.php\/wp-json\/wp\/v2\/posts"}],"about":[{"href":"https:\/\/turismonoar.com.br\/index.php\/wp-json\/wp\/v2\/types\/post"}],"author":[{"embeddable":true,"href":"https:\/\/turismonoar.com.br\/index.php\/wp-json\/wp\/v2\/users\/1"}],"replies":[{"embeddable":true,"href":"https:\/\/turismonoar.com.br\/index.php\/wp-json\/wp\/v2\/comments?post=5190"}],"version-history":[{"count":1,"href":"https:\/\/turismonoar.com.br\/index.php\/wp-json\/wp\/v2\/posts\/5190\/revisions"}],"predecessor-version":[{"id":5192,"href":"https:\/\/turismonoar.com.br\/index.php\/wp-json\/wp\/v2\/posts\/5190\/revisions\/5192"}],"wp:featuredmedia":[{"embeddable":true,"href":"https:\/\/turismonoar.com.br\/index.php\/wp-json\/wp\/v2\/media\/5195"}],"wp:attachment":[{"href":"https:\/\/turismonoar.com.br\/index.php\/wp-json\/wp\/v2\/media?parent=5190"}],"wp:term":[{"taxonomy":"category","embeddable":true,"href":"https:\/\/turismonoar.com.br\/index.php\/wp-json\/wp\/v2\/categories?post=5190"},{"taxonomy":"post_tag","embeddable":true,"href":"https:\/\/turismonoar.com.br\/index.php\/wp-json\/wp\/v2\/tags?post=5190"}],"curies":[{"name":"wp","href":"https:\/\/api.w.org\/{rel}","templated":true}]}}