{"id":5197,"date":"2026-09-03T12:09:21","date_gmt":"2026-09-03T12:09:21","guid":{"rendered":"http:\/\/turismonoar.com.br\/?p=5197"},"modified":"2026-09-03T12:09:40","modified_gmt":"2026-09-03T12:09:40","slug":"7-de-setembro-deve-movimentar-o-turismo-potiguar-e-elevar-ocupacao-hoteleira","status":"publish","type":"post","link":"https:\/\/turismonoar.com.br\/index.php\/2026\/09\/03\/7-de-setembro-deve-movimentar-o-turismo-potiguar-e-elevar-ocupacao-hoteleira\/","title":{"rendered":"7 de Setembro deve movimentar o turismo potiguar e elevar ocupa\u00e7\u00e3o hoteleira"},"content":{"rendered":"\n<p>O feriado de 7 de Setembro chega ao Rio Grande do Norte com uma perspectiva positiva para o turismo. Com a Independ\u00eancia do Brasil sendo celebrada numa segunda-feira, formando um fim de semana prolongado, o setor hoteleiro potiguar trabalha com a expectativa de um movimento maior de visitantes e de crescimento na ocupa\u00e7\u00e3o dos meios de hospedagem.<\/p>\n\n\n\n<p>Segundo proje\u00e7\u00e3o da Associa\u00e7\u00e3o Brasileira da Ind\u00fastria de Hot\u00e9is do Rio Grande do Norte (ABIH-RN), Natal dever\u00e1 alcan\u00e7ar aproximadamente <strong>77% de ocupa\u00e7\u00e3o hoteleira<\/strong> durante o feriad\u00e3o. No conjunto do Estado, a expectativa \u00e9 chegar a <strong>73%<\/strong>, contra 62% registrados no mesmo per\u00edodo de 2025. \u00c9 um crescimento de 11 pontos percentuais em apenas um ano, resultado que refor\u00e7a a capacidade do Rio Grande do Norte de atrair visitantes tamb\u00e9m em per\u00edodos que n\u00e3o pertencem tradicionalmente \u00e0 alta temporada.<\/p>\n\n\n\n<p>O feriad\u00e3o tamb\u00e9m evidencia a for\u00e7a do <strong>turismo regional<\/strong>, uma modalidade que merece cada vez mais aten\u00e7\u00e3o dos gestores p\u00fablicos e do trade. A proximidade com estados como Pernambuco, Para\u00edba e Cear\u00e1 facilita as viagens de curta dura\u00e7\u00e3o e transforma os feriados prolongados em importantes oportunidades para movimentar os destinos potiguares. Natal, naturalmente, aparece como uma das principais portas de entrada desse fluxo. Mas o efeito positivo pode se espalhar por diferentes regi\u00f5es do Rio Grande do Norte, especialmente pelos destinos de sol e mar, serranos, de aventura, turismo rural e pelas cidades que v\u00eam investindo na valoriza\u00e7\u00e3o de seus atrativos culturais e gastron\u00f4micos.<\/p>\n\n\n\n<p>Para o Turismo no Ar, os n\u00fameros da ABIH-RN servem tamb\u00e9m como um alerta positivo: <strong>h\u00e1 demanda e h\u00e1 mercado<\/strong>. O desafio permanente \u00e9 transformar esses movimentos pontuais em fluxo tur\u00edstico durante todo o ano. O 7 de Setembro, portanto, chega carregando duas bandeiras. A primeira, naturalmente, \u00e9 a da Independ\u00eancia do Brasil. A segunda \u00e9 a do turismo, atividade que continua demonstrando sua for\u00e7a como instrumento de gera\u00e7\u00e3o de emprego, renda e desenvolvimento para o Rio Grande do Norte.<\/p>\n","protected":false},"excerpt":{"rendered":"<p>O feriado de 7 de Setembro chega ao Rio Grande do Norte com uma perspectiva positiva para o turismo. Com<\/p>\n","protected":false},"author":1,"featured_media":4837,"comment_status":"open","ping_status":"open","sticky":false,"template":"","format":"standard","meta":[],"categories":[572],"tags":[],"yoast_head":"<!-- This site is optimized with the Yoast SEO plugin v17.0 - https:\/\/yoast.com\/wordpress\/plugins\/seo\/ -->\n<title>7 de Setembro deve movimentar o turismo potiguar e elevar ocupa\u00e7\u00e3o hoteleira - Turismo no Ar<\/title>\n<meta name=\"robots\" content=\"index, follow, max-snippet:-1, max-image-preview:large, max-video-preview:-1\" \/>\n<link rel=\"canonical\" href=\"http:\/\/turismonoar.com.br\/index.php\/2026\/09\/03\/7-de-setembro-deve-movimentar-o-turismo-potiguar-e-elevar-ocupacao-hoteleira\/\" \/>\n<meta property=\"og:locale\" content=\"pt_BR\" \/>\n<meta property=\"og:type\" content=\"article\" \/>\n<meta property=\"og:title\" content=\"7 de Setembro deve movimentar o turismo potiguar e elevar ocupa\u00e7\u00e3o hoteleira - Turismo no Ar\" \/>\n<meta property=\"og:description\" content=\"O feriado de 7 de Setembro chega ao Rio Grande do Norte com uma perspectiva positiva para o turismo. Com\" \/>\n<meta property=\"og:url\" content=\"http:\/\/turismonoar.com.br\/index.php\/2026\/09\/03\/7-de-setembro-deve-movimentar-o-turismo-potiguar-e-elevar-ocupacao-hoteleira\/\" \/>\n<meta property=\"og:site_name\" content=\"Turismo no Ar\" \/>\n<meta property=\"article:published_time\" content=\"2026-09-03T12:09:21+00:00\" \/>\n<meta property=\"article:modified_time\" content=\"2026-09-03T12:09:40+00:00\" \/>\n<meta property=\"og:image\" content=\"http:\/\/turismonoar.com.br\/wp-content\/uploads\/2026\/06\/Forte-dos-Reis-Magos-atualizado.jpg\" \/>\n\t<meta property=\"og:image:width\" content=\"667\" \/>\n\t<meta property=\"og:image:height\" content=\"500\" \/>\n<meta name=\"twitter:card\" content=\"summary_large_image\" \/>\n<meta name=\"twitter:label1\" content=\"Escrito por\" \/>\n\t<meta name=\"twitter:data1\" content=\"X3C6tkkG0W\" \/>\n\t<meta name=\"twitter:label2\" content=\"Est. tempo de leitura\" \/>\n\t<meta name=\"twitter:data2\" content=\"2 minutos\" \/>\n<script type=\"application\/ld+json\" class=\"yoast-schema-graph\">{\"@context\":\"https:\/\/schema.org\",\"@graph\":[{\"@type\":\"WebSite\",\"@id\":\"http:\/\/turismonoar.com.br\/#website\",\"url\":\"http:\/\/turismonoar.com.br\/\",\"name\":\"Turismo no Ar\",\"description\":\"Por Paulo Lopes\",\"potentialAction\":[{\"@type\":\"SearchAction\",\"target\":{\"@type\":\"EntryPoint\",\"urlTemplate\":\"http:\/\/turismonoar.com.br\/?s={search_term_string}\"},\"query-input\":\"required name=search_term_string\"}],\"inLanguage\":\"pt-BR\"},{\"@type\":\"ImageObject\",\"@id\":\"http:\/\/turismonoar.com.br\/index.php\/2026\/09\/03\/7-de-setembro-deve-movimentar-o-turismo-potiguar-e-elevar-ocupacao-hoteleira\/#primaryimage\",\"inLanguage\":\"pt-BR\",\"url\":\"https:\/\/turismonoar.com.br\/wp-content\/uploads\/2026\/06\/Forte-dos-Reis-Magos-atualizado.jpg\",\"contentUrl\":\"https:\/\/turismonoar.com.br\/wp-content\/uploads\/2026\/06\/Forte-dos-Reis-Magos-atualizado.jpg\",\"width\":667,\"height\":500},{\"@type\":\"WebPage\",\"@id\":\"http:\/\/turismonoar.com.br\/index.php\/2026\/09\/03\/7-de-setembro-deve-movimentar-o-turismo-potiguar-e-elevar-ocupacao-hoteleira\/#webpage\",\"url\":\"http:\/\/turismonoar.com.br\/index.php\/2026\/09\/03\/7-de-setembro-deve-movimentar-o-turismo-potiguar-e-elevar-ocupacao-hoteleira\/\",\"name\":\"7 de Setembro deve movimentar o turismo potiguar e elevar ocupa\\u00e7\\u00e3o hoteleira - Turismo no Ar\",\"isPartOf\":{\"@id\":\"http:\/\/turismonoar.com.br\/#website\"},\"primaryImageOfPage\":{\"@id\":\"http:\/\/turismonoar.com.br\/index.php\/2026\/09\/03\/7-de-setembro-deve-movimentar-o-turismo-potiguar-e-elevar-ocupacao-hoteleira\/#primaryimage\"},\"datePublished\":\"2026-09-03T12:09:21+00:00\",\"dateModified\":\"2026-09-03T12:09:40+00:00\",\"author\":{\"@id\":\"http:\/\/turismonoar.com.br\/#\/schema\/person\/052de1f2f2aa889d818e50dd32173c22\"},\"breadcrumb\":{\"@id\":\"http:\/\/turismonoar.com.br\/index.php\/2026\/09\/03\/7-de-setembro-deve-movimentar-o-turismo-potiguar-e-elevar-ocupacao-hoteleira\/#breadcrumb\"},\"inLanguage\":\"pt-BR\",\"potentialAction\":[{\"@type\":\"ReadAction\",\"target\":[\"http:\/\/turismonoar.com.br\/index.php\/2026\/09\/03\/7-de-setembro-deve-movimentar-o-turismo-potiguar-e-elevar-ocupacao-hoteleira\/\"]}]},{\"@type\":\"BreadcrumbList\",\"@id\":\"http:\/\/turismonoar.com.br\/index.php\/2026\/09\/03\/7-de-setembro-deve-movimentar-o-turismo-potiguar-e-elevar-ocupacao-hoteleira\/#breadcrumb\",\"itemListElement\":[{\"@type\":\"ListItem\",\"position\":1,\"name\":\"In\\u00edcio\",\"item\":\"http:\/\/turismonoar.com.br\/\"},{\"@type\":\"ListItem\",\"position\":2,\"name\":\"7 de Setembro deve movimentar o turismo potiguar e elevar ocupa\\u00e7\\u00e3o hoteleira\"}]},{\"@type\":\"Person\",\"@id\":\"http:\/\/turismonoar.com.br\/#\/schema\/person\/052de1f2f2aa889d818e50dd32173c22\",\"name\":\"X3C6tkkG0W\",\"image\":{\"@type\":\"ImageObject\",\"@id\":\"http:\/\/turismonoar.com.br\/#personlogo\",\"inLanguage\":\"pt-BR\",\"url\":\"https:\/\/secure.gravatar.com\/avatar\/0d27a46a9fb82109c8ff4630af358828?s=96&d=mm&r=g\",\"contentUrl\":\"https:\/\/secure.gravatar.com\/avatar\/0d27a46a9fb82109c8ff4630af358828?s=96&d=mm&r=g\",\"caption\":\"X3C6tkkG0W\"},\"sameAs\":[\"http:\/\/turismonoar.com.br\"],\"url\":\"https:\/\/turismonoar.com.br\/index.php\/author\/x3c6tkkg0w\/\"}]}<\/script>\n<!-- \/ Yoast SEO plugin. -->","yoast_head_json":{"title":"7 de Setembro deve movimentar o turismo potiguar e elevar ocupa\u00e7\u00e3o hoteleira - Turismo no Ar","robots":{"index":"index","follow":"follow","max-snippet":"max-snippet:-1","max-image-preview":"max-image-preview:large","max-video-preview":"max-video-preview:-1"},"canonical":"http:\/\/turismonoar.com.br\/index.php\/2026\/09\/03\/7-de-setembro-deve-movimentar-o-turismo-potiguar-e-elevar-ocupacao-hoteleira\/","og_locale":"pt_BR","og_type":"article","og_title":"7 de Setembro deve movimentar o turismo potiguar e elevar ocupa\u00e7\u00e3o hoteleira - Turismo no Ar","og_description":"O feriado de 7 de Setembro chega ao Rio Grande do Norte com uma perspectiva positiva para o turismo. Com","og_url":"http:\/\/turismonoar.com.br\/index.php\/2026\/09\/03\/7-de-setembro-deve-movimentar-o-turismo-potiguar-e-elevar-ocupacao-hoteleira\/","og_site_name":"Turismo no Ar","article_published_time":"2026-09-03T12:09:21+00:00","article_modified_time":"2026-09-03T12:09:40+00:00","og_image":[{"width":667,"height":500,"url":"http:\/\/turismonoar.com.br\/wp-content\/uploads\/2026\/06\/Forte-dos-Reis-Magos-atualizado.jpg","path":"\/home\/turismo\/public_html\/wp-content\/uploads\/2026\/06\/Forte-dos-Reis-Magos-atualizado.jpg","size":"full","id":4837,"alt":"","pixels":333500,"type":"image\/jpeg"}],"twitter_card":"summary_large_image","twitter_misc":{"Escrito por":"X3C6tkkG0W","Est. tempo de leitura":"2 minutos"},"schema":{"@context":"https:\/\/schema.org","@graph":[{"@type":"WebSite","@id":"http:\/\/turismonoar.com.br\/#website","url":"http:\/\/turismonoar.com.br\/","name":"Turismo no Ar","description":"Por Paulo Lopes","potentialAction":[{"@type":"SearchAction","target":{"@type":"EntryPoint","urlTemplate":"http:\/\/turismonoar.com.br\/?s={search_term_string}"},"query-input":"required name=search_term_string"}],"inLanguage":"pt-BR"},{"@type":"ImageObject","@id":"http:\/\/turismonoar.com.br\/index.php\/2026\/09\/03\/7-de-setembro-deve-movimentar-o-turismo-potiguar-e-elevar-ocupacao-hoteleira\/#primaryimage","inLanguage":"pt-BR","url":"https:\/\/turismonoar.com.br\/wp-content\/uploads\/2026\/06\/Forte-dos-Reis-Magos-atualizado.jpg","contentUrl":"https:\/\/turismonoar.com.br\/wp-content\/uploads\/2026\/06\/Forte-dos-Reis-Magos-atualizado.jpg","width":667,"height":500},{"@type":"WebPage","@id":"http:\/\/turismonoar.com.br\/index.php\/2026\/09\/03\/7-de-setembro-deve-movimentar-o-turismo-potiguar-e-elevar-ocupacao-hoteleira\/#webpage","url":"http:\/\/turismonoar.com.br\/index.php\/2026\/09\/03\/7-de-setembro-deve-movimentar-o-turismo-potiguar-e-elevar-ocupacao-hoteleira\/","name":"7 de Setembro deve movimentar o turismo potiguar e elevar ocupa\u00e7\u00e3o hoteleira - Turismo no Ar","isPartOf":{"@id":"http:\/\/turismonoar.com.br\/#website"},"primaryImageOfPage":{"@id":"http:\/\/turismonoar.com.br\/index.php\/2026\/09\/03\/7-de-setembro-deve-movimentar-o-turismo-potiguar-e-elevar-ocupacao-hoteleira\/#primaryimage"},"datePublished":"2026-09-03T12:09:21+00:00","dateModified":"2026-09-03T12:09:40+00:00","author":{"@id":"http:\/\/turismonoar.com.br\/#\/schema\/person\/052de1f2f2aa889d818e50dd32173c22"},"breadcrumb":{"@id":"http:\/\/turismonoar.com.br\/index.php\/2026\/09\/03\/7-de-setembro-deve-movimentar-o-turismo-potiguar-e-elevar-ocupacao-hoteleira\/#breadcrumb"},"inLanguage":"pt-BR","potentialAction":[{"@type":"ReadAction","target":["http:\/\/turismonoar.com.br\/index.php\/2026\/09\/03\/7-de-setembro-deve-movimentar-o-turismo-potiguar-e-elevar-ocupacao-hoteleira\/"]}]},{"@type":"BreadcrumbList","@id":"http:\/\/turismonoar.com.br\/index.php\/2026\/09\/03\/7-de-setembro-deve-movimentar-o-turismo-potiguar-e-elevar-ocupacao-hoteleira\/#breadcrumb","itemListElement":[{"@type":"ListItem","position":1,"name":"In\u00edcio","item":"http:\/\/turismonoar.com.br\/"},{"@type":"ListItem","position":2,"name":"7 de Setembro deve movimentar o turismo potiguar e elevar ocupa\u00e7\u00e3o hoteleira"}]},{"@type":"Person","@id":"http:\/\/turismonoar.com.br\/#\/schema\/person\/052de1f2f2aa889d818e50dd32173c22","name":"X3C6tkkG0W","image":{"@type":"ImageObject","@id":"http:\/\/turismonoar.com.br\/#personlogo","inLanguage":"pt-BR","url":"https:\/\/secure.gravatar.com\/avatar\/0d27a46a9fb82109c8ff4630af358828?s=96&d=mm&r=g","contentUrl":"https:\/\/secure.gravatar.com\/avatar\/0d27a46a9fb82109c8ff4630af358828?s=96&d=mm&r=g","caption":"X3C6tkkG0W"},"sameAs":["http:\/\/turismonoar.com.br"],"url":"https:\/\/turismonoar.com.br\/index.php\/author\/x3c6tkkg0w\/"}]}},"cc_featured_image_caption":{"caption_text":"Feriad\u00e3o da Independ\u00eancia projeta 77% de ocupa\u00e7\u00e3o em Natal. Cr\u00e9dito. Canind\u00e9 Soares ","source_text":"","source_url":""},"_links":{"self":[{"href":"https:\/\/turismonoar.com.br\/index.php\/wp-json\/wp\/v2\/posts\/5197"}],"collection":[{"href":"https:\/\/turismonoar.com.br\/index.php\/wp-json\/wp\/v2\/posts"}],"about":[{"href":"https:\/\/turismonoar.com.br\/index.php\/wp-json\/wp\/v2\/types\/post"}],"author":[{"embeddable":true,"href":"https:\/\/turismonoar.com.br\/index.php\/wp-json\/wp\/v2\/users\/1"}],"replies":[{"embeddable":true,"href":"https:\/\/turismonoar.com.br\/index.php\/wp-json\/wp\/v2\/comments?post=5197"}],"version-history":[{"count":1,"href":"https:\/\/turismonoar.com.br\/index.php\/wp-json\/wp\/v2\/posts\/5197\/revisions"}],"predecessor-version":[{"id":5198,"href":"https:\/\/turismonoar.com.br\/index.php\/wp-json\/wp\/v2\/posts\/5197\/revisions\/5198"}],"wp:featuredmedia":[{"embeddable":true,"href":"https:\/\/turismonoar.com.br\/index.php\/wp-json\/wp\/v2\/media\/4837"}],"wp:attachment":[{"href":"https:\/\/turismonoar.com.br\/index.php\/wp-json\/wp\/v2\/media?parent=5197"}],"wp:term":[{"taxonomy":"category","embeddable":true,"href":"https:\/\/turismonoar.com.br\/index.php\/wp-json\/wp\/v2\/categories?post=5197"},{"taxonomy":"post_tag","embeddable":true,"href":"https:\/\/turismonoar.com.br\/index.php\/wp-json\/wp\/v2\/tags?post=5197"}],"curies":[{"name":"wp","href":"https:\/\/api.w.org\/{rel}","templated":true}]}}