{"id":5199,"date":"2026-09-04T13:30:01","date_gmt":"2026-09-04T13:30:01","guid":{"rendered":"http:\/\/turismonoar.com.br\/?p=5199"},"modified":"2026-09-04T13:30:33","modified_gmt":"2026-09-04T13:30:33","slug":"dunas-do-rosado-um-pedaco-dos-lencois-maranhenses-no-rio-grande-do-norte","status":"publish","type":"post","link":"https:\/\/turismonoar.com.br\/index.php\/2026\/09\/04\/dunas-do-rosado-um-pedaco-dos-lencois-maranhenses-no-rio-grande-do-norte\/","title":{"rendered":"Dunas do Rosado: um peda\u00e7o dos Len\u00e7\u00f3is Maranhenses no Rio Grande do Norte"},"content":{"rendered":"\n<p>Por Paulo Lopes &#8211; Turismo no Ar<\/p>\n\n\n\n<p>Quem pensa que o Rio Grande do Norte j\u00e1 mostrou todos os seus encantos tur\u00edsticos precisa colocar o p\u00e9 na estrada e seguir em dire\u00e7\u00e3o ao litoral da Costa Branca. \u00c9 ali, entre os munic\u00edpios de <strong>Areia Branca e Porto do Mangue<\/strong>, que est\u00e1 um dos cen\u00e1rios naturais mais impressionantes e ainda pouco explorados turisticamente do Estado: as <strong>Dunas do Rosado<\/strong>.<\/p>\n\n\n\n<p>A aproximadamente 250 quil\u00f4metros de Natal, o visitante encontra uma paisagem que parece ter sa\u00eddo de outro lugar do Brasil. Um imenso campo de areia, com tonalidades que v\u00e3o do branco ao rosa e ao avermelhado, desenhado permanentemente pela a\u00e7\u00e3o dos ventos. A compara\u00e7\u00e3o com os Len\u00e7\u00f3is Maranhenses \u00e9 quase inevit\u00e1vel. N\u00e3o se trata de dizer que s\u00e3o iguais, mas de reconhecer que o Rio Grande do Norte possui, na Costa Branca, um cen\u00e1rio de dunas de extraordin\u00e1ria beleza e personalidade pr\u00f3pria.<\/p>\n\n\n\n<p>E h\u00e1 uma explica\u00e7\u00e3o para as cores que tornam o lugar t\u00e3o especial. Os sedimentos avermelhados provenientes das fal\u00e9sias s\u00e3o transportados pelos ventos e se misturam \u00e0s areias de origem marinha, produzindo diferentes tonalidades e formas no grande campo dunar. A import\u00e2ncia ambiental do lugar fez com que o Governo do Rio Grande do Norte criasse, em 2018, a <strong>\u00c1rea de Prote\u00e7\u00e3o Ambiental Dunas do Rosado<\/strong>.<\/p>\n\n\n\n<p>A unidade de conserva\u00e7\u00e3o possui cerca de <strong>16,6 mil hectares<\/strong> e abrange \u00e1reas de Areia Branca e Porto do Mangue, sob administra\u00e7\u00e3o do IDEMA. O objetivo \u00e9 preservar a biodiversidade, disciplinar a ocupa\u00e7\u00e3o territorial e garantir o uso sustent\u00e1vel dos recursos naturais. \u00c9 justamente essa condi\u00e7\u00e3o de \u00e1rea protegida que precisa ser considerada quando se fala em transformar as Dunas do Rosado em produto tur\u00edstico.<\/p>\n\n\n\n<p>O caminho n\u00e3o \u00e9 repetir modelos de explora\u00e7\u00e3o de outros destinos. \u00c9 apostar no <strong>turismo de natureza, no geoturismo, na contempla\u00e7\u00e3o, na fotografia, na interpreta\u00e7\u00e3o ambiental e na valoriza\u00e7\u00e3o das comunidades locais<\/strong>, sempre respeitando a fragilidade do ambiente dunar.<\/p>\n","protected":false},"excerpt":{"rendered":"<p>Por Paulo Lopes &#8211; Turismo no Ar Quem pensa que o Rio Grande do Norte j\u00e1 mostrou todos os seus<\/p>\n","protected":false},"author":1,"featured_media":5200,"comment_status":"open","ping_status":"open","sticky":false,"template":"","format":"standard","meta":[],"categories":[157],"tags":[],"yoast_head":"<!-- This site is optimized with the Yoast SEO plugin v17.0 - https:\/\/yoast.com\/wordpress\/plugins\/seo\/ -->\n<title>Dunas do Rosado: um peda\u00e7o dos Len\u00e7\u00f3is Maranhenses no Rio Grande do Norte - Turismo no Ar<\/title>\n<meta name=\"robots\" content=\"index, follow, max-snippet:-1, max-image-preview:large, max-video-preview:-1\" \/>\n<link rel=\"canonical\" href=\"http:\/\/turismonoar.com.br\/index.php\/2026\/09\/04\/dunas-do-rosado-um-pedaco-dos-lencois-maranhenses-no-rio-grande-do-norte\/\" \/>\n<meta property=\"og:locale\" content=\"pt_BR\" \/>\n<meta property=\"og:type\" content=\"article\" \/>\n<meta property=\"og:title\" content=\"Dunas do Rosado: um peda\u00e7o dos Len\u00e7\u00f3is Maranhenses no Rio Grande do Norte - Turismo no Ar\" \/>\n<meta property=\"og:description\" content=\"Por Paulo Lopes &#8211; Turismo no Ar Quem pensa que o Rio Grande do Norte j\u00e1 mostrou todos os seus\" \/>\n<meta property=\"og:url\" content=\"http:\/\/turismonoar.com.br\/index.php\/2026\/09\/04\/dunas-do-rosado-um-pedaco-dos-lencois-maranhenses-no-rio-grande-do-norte\/\" \/>\n<meta property=\"og:site_name\" content=\"Turismo no Ar\" \/>\n<meta property=\"article:published_time\" content=\"2026-09-04T13:30:01+00:00\" \/>\n<meta property=\"article:modified_time\" content=\"2026-09-04T13:30:33+00:00\" \/>\n<meta property=\"og:image\" content=\"http:\/\/turismonoar.com.br\/wp-content\/uploads\/2026\/09\/Dunas-do-Rosado.-Caninde-Sores.jpg\" \/>\n\t<meta property=\"og:image:width\" content=\"935\" \/>\n\t<meta property=\"og:image:height\" content=\"624\" \/>\n<meta name=\"twitter:card\" content=\"summary_large_image\" \/>\n<meta name=\"twitter:label1\" content=\"Escrito por\" \/>\n\t<meta name=\"twitter:data1\" content=\"X3C6tkkG0W\" \/>\n\t<meta name=\"twitter:label2\" content=\"Est. tempo de leitura\" \/>\n\t<meta name=\"twitter:data2\" content=\"2 minutos\" \/>\n<script type=\"application\/ld+json\" class=\"yoast-schema-graph\">{\"@context\":\"https:\/\/schema.org\",\"@graph\":[{\"@type\":\"WebSite\",\"@id\":\"https:\/\/turismonoar.com.br\/#website\",\"url\":\"https:\/\/turismonoar.com.br\/\",\"name\":\"Turismo no Ar\",\"description\":\"Por Paulo Lopes\",\"potentialAction\":[{\"@type\":\"SearchAction\",\"target\":{\"@type\":\"EntryPoint\",\"urlTemplate\":\"https:\/\/turismonoar.com.br\/?s={search_term_string}\"},\"query-input\":\"required name=search_term_string\"}],\"inLanguage\":\"pt-BR\"},{\"@type\":\"ImageObject\",\"@id\":\"http:\/\/turismonoar.com.br\/index.php\/2026\/09\/04\/dunas-do-rosado-um-pedaco-dos-lencois-maranhenses-no-rio-grande-do-norte\/#primaryimage\",\"inLanguage\":\"pt-BR\",\"url\":\"https:\/\/turismonoar.com.br\/wp-content\/uploads\/2026\/09\/Dunas-do-Rosado.-Caninde-Sores.jpg\",\"contentUrl\":\"https:\/\/turismonoar.com.br\/wp-content\/uploads\/2026\/09\/Dunas-do-Rosado.-Caninde-Sores.jpg\",\"width\":935,\"height\":624},{\"@type\":\"WebPage\",\"@id\":\"http:\/\/turismonoar.com.br\/index.php\/2026\/09\/04\/dunas-do-rosado-um-pedaco-dos-lencois-maranhenses-no-rio-grande-do-norte\/#webpage\",\"url\":\"http:\/\/turismonoar.com.br\/index.php\/2026\/09\/04\/dunas-do-rosado-um-pedaco-dos-lencois-maranhenses-no-rio-grande-do-norte\/\",\"name\":\"Dunas do Rosado: um peda\\u00e7o dos Len\\u00e7\\u00f3is Maranhenses no Rio Grande do Norte - Turismo no Ar\",\"isPartOf\":{\"@id\":\"https:\/\/turismonoar.com.br\/#website\"},\"primaryImageOfPage\":{\"@id\":\"http:\/\/turismonoar.com.br\/index.php\/2026\/09\/04\/dunas-do-rosado-um-pedaco-dos-lencois-maranhenses-no-rio-grande-do-norte\/#primaryimage\"},\"datePublished\":\"2026-09-04T13:30:01+00:00\",\"dateModified\":\"2026-09-04T13:30:33+00:00\",\"author\":{\"@id\":\"https:\/\/turismonoar.com.br\/#\/schema\/person\/052de1f2f2aa889d818e50dd32173c22\"},\"breadcrumb\":{\"@id\":\"http:\/\/turismonoar.com.br\/index.php\/2026\/09\/04\/dunas-do-rosado-um-pedaco-dos-lencois-maranhenses-no-rio-grande-do-norte\/#breadcrumb\"},\"inLanguage\":\"pt-BR\",\"potentialAction\":[{\"@type\":\"ReadAction\",\"target\":[\"http:\/\/turismonoar.com.br\/index.php\/2026\/09\/04\/dunas-do-rosado-um-pedaco-dos-lencois-maranhenses-no-rio-grande-do-norte\/\"]}]},{\"@type\":\"BreadcrumbList\",\"@id\":\"http:\/\/turismonoar.com.br\/index.php\/2026\/09\/04\/dunas-do-rosado-um-pedaco-dos-lencois-maranhenses-no-rio-grande-do-norte\/#breadcrumb\",\"itemListElement\":[{\"@type\":\"ListItem\",\"position\":1,\"name\":\"In\\u00edcio\",\"item\":\"https:\/\/turismonoar.com.br\/\"},{\"@type\":\"ListItem\",\"position\":2,\"name\":\"Dunas do Rosado: um peda\\u00e7o dos Len\\u00e7\\u00f3is Maranhenses no Rio Grande do Norte\"}]},{\"@type\":\"Person\",\"@id\":\"https:\/\/turismonoar.com.br\/#\/schema\/person\/052de1f2f2aa889d818e50dd32173c22\",\"name\":\"X3C6tkkG0W\",\"image\":{\"@type\":\"ImageObject\",\"@id\":\"https:\/\/turismonoar.com.br\/#personlogo\",\"inLanguage\":\"pt-BR\",\"url\":\"https:\/\/secure.gravatar.com\/avatar\/0d27a46a9fb82109c8ff4630af358828?s=96&d=mm&r=g\",\"contentUrl\":\"https:\/\/secure.gravatar.com\/avatar\/0d27a46a9fb82109c8ff4630af358828?s=96&d=mm&r=g\",\"caption\":\"X3C6tkkG0W\"},\"sameAs\":[\"http:\/\/turismonoar.com.br\"],\"url\":\"https:\/\/turismonoar.com.br\/index.php\/author\/x3c6tkkg0w\/\"}]}<\/script>\n<!-- \/ Yoast SEO plugin. -->","yoast_head_json":{"title":"Dunas do Rosado: um peda\u00e7o dos Len\u00e7\u00f3is Maranhenses no Rio Grande do Norte - Turismo no Ar","robots":{"index":"index","follow":"follow","max-snippet":"max-snippet:-1","max-image-preview":"max-image-preview:large","max-video-preview":"max-video-preview:-1"},"canonical":"http:\/\/turismonoar.com.br\/index.php\/2026\/09\/04\/dunas-do-rosado-um-pedaco-dos-lencois-maranhenses-no-rio-grande-do-norte\/","og_locale":"pt_BR","og_type":"article","og_title":"Dunas do Rosado: um peda\u00e7o dos Len\u00e7\u00f3is Maranhenses no Rio Grande do Norte - Turismo no Ar","og_description":"Por Paulo Lopes &#8211; Turismo no Ar Quem pensa que o Rio Grande do Norte j\u00e1 mostrou todos os seus","og_url":"http:\/\/turismonoar.com.br\/index.php\/2026\/09\/04\/dunas-do-rosado-um-pedaco-dos-lencois-maranhenses-no-rio-grande-do-norte\/","og_site_name":"Turismo no Ar","article_published_time":"2026-09-04T13:30:01+00:00","article_modified_time":"2026-09-04T13:30:33+00:00","og_image":[{"width":935,"height":624,"url":"http:\/\/turismonoar.com.br\/wp-content\/uploads\/2026\/09\/Dunas-do-Rosado.-Caninde-Sores.jpg","path":"\/home\/turismo\/public_html\/wp-content\/uploads\/2026\/09\/Dunas-do-Rosado.-Caninde-Sores.jpg","size":"full","id":5200,"alt":"","pixels":583440,"type":"image\/jpeg"}],"twitter_card":"summary_large_image","twitter_misc":{"Escrito por":"X3C6tkkG0W","Est. tempo de leitura":"2 minutos"},"schema":{"@context":"https:\/\/schema.org","@graph":[{"@type":"WebSite","@id":"https:\/\/turismonoar.com.br\/#website","url":"https:\/\/turismonoar.com.br\/","name":"Turismo no Ar","description":"Por Paulo Lopes","potentialAction":[{"@type":"SearchAction","target":{"@type":"EntryPoint","urlTemplate":"https:\/\/turismonoar.com.br\/?s={search_term_string}"},"query-input":"required name=search_term_string"}],"inLanguage":"pt-BR"},{"@type":"ImageObject","@id":"http:\/\/turismonoar.com.br\/index.php\/2026\/09\/04\/dunas-do-rosado-um-pedaco-dos-lencois-maranhenses-no-rio-grande-do-norte\/#primaryimage","inLanguage":"pt-BR","url":"https:\/\/turismonoar.com.br\/wp-content\/uploads\/2026\/09\/Dunas-do-Rosado.-Caninde-Sores.jpg","contentUrl":"https:\/\/turismonoar.com.br\/wp-content\/uploads\/2026\/09\/Dunas-do-Rosado.-Caninde-Sores.jpg","width":935,"height":624},{"@type":"WebPage","@id":"http:\/\/turismonoar.com.br\/index.php\/2026\/09\/04\/dunas-do-rosado-um-pedaco-dos-lencois-maranhenses-no-rio-grande-do-norte\/#webpage","url":"http:\/\/turismonoar.com.br\/index.php\/2026\/09\/04\/dunas-do-rosado-um-pedaco-dos-lencois-maranhenses-no-rio-grande-do-norte\/","name":"Dunas do Rosado: um peda\u00e7o dos Len\u00e7\u00f3is Maranhenses no Rio Grande do Norte - Turismo no Ar","isPartOf":{"@id":"https:\/\/turismonoar.com.br\/#website"},"primaryImageOfPage":{"@id":"http:\/\/turismonoar.com.br\/index.php\/2026\/09\/04\/dunas-do-rosado-um-pedaco-dos-lencois-maranhenses-no-rio-grande-do-norte\/#primaryimage"},"datePublished":"2026-09-04T13:30:01+00:00","dateModified":"2026-09-04T13:30:33+00:00","author":{"@id":"https:\/\/turismonoar.com.br\/#\/schema\/person\/052de1f2f2aa889d818e50dd32173c22"},"breadcrumb":{"@id":"http:\/\/turismonoar.com.br\/index.php\/2026\/09\/04\/dunas-do-rosado-um-pedaco-dos-lencois-maranhenses-no-rio-grande-do-norte\/#breadcrumb"},"inLanguage":"pt-BR","potentialAction":[{"@type":"ReadAction","target":["http:\/\/turismonoar.com.br\/index.php\/2026\/09\/04\/dunas-do-rosado-um-pedaco-dos-lencois-maranhenses-no-rio-grande-do-norte\/"]}]},{"@type":"BreadcrumbList","@id":"http:\/\/turismonoar.com.br\/index.php\/2026\/09\/04\/dunas-do-rosado-um-pedaco-dos-lencois-maranhenses-no-rio-grande-do-norte\/#breadcrumb","itemListElement":[{"@type":"ListItem","position":1,"name":"In\u00edcio","item":"https:\/\/turismonoar.com.br\/"},{"@type":"ListItem","position":2,"name":"Dunas do Rosado: um peda\u00e7o dos Len\u00e7\u00f3is Maranhenses no Rio Grande do Norte"}]},{"@type":"Person","@id":"https:\/\/turismonoar.com.br\/#\/schema\/person\/052de1f2f2aa889d818e50dd32173c22","name":"X3C6tkkG0W","image":{"@type":"ImageObject","@id":"https:\/\/turismonoar.com.br\/#personlogo","inLanguage":"pt-BR","url":"https:\/\/secure.gravatar.com\/avatar\/0d27a46a9fb82109c8ff4630af358828?s=96&d=mm&r=g","contentUrl":"https:\/\/secure.gravatar.com\/avatar\/0d27a46a9fb82109c8ff4630af358828?s=96&d=mm&r=g","caption":"X3C6tkkG0W"},"sameAs":["http:\/\/turismonoar.com.br"],"url":"https:\/\/turismonoar.com.br\/index.php\/author\/x3c6tkkg0w\/"}]}},"cc_featured_image_caption":{"caption_text":"Dunas do Rosado um ativo tur\u00edstico de primeira grandeza. Cr\u00e9dito. Canind\u00e9 Soares","source_text":"","source_url":""},"_links":{"self":[{"href":"https:\/\/turismonoar.com.br\/index.php\/wp-json\/wp\/v2\/posts\/5199"}],"collection":[{"href":"https:\/\/turismonoar.com.br\/index.php\/wp-json\/wp\/v2\/posts"}],"about":[{"href":"https:\/\/turismonoar.com.br\/index.php\/wp-json\/wp\/v2\/types\/post"}],"author":[{"embeddable":true,"href":"https:\/\/turismonoar.com.br\/index.php\/wp-json\/wp\/v2\/users\/1"}],"replies":[{"embeddable":true,"href":"https:\/\/turismonoar.com.br\/index.php\/wp-json\/wp\/v2\/comments?post=5199"}],"version-history":[{"count":1,"href":"https:\/\/turismonoar.com.br\/index.php\/wp-json\/wp\/v2\/posts\/5199\/revisions"}],"predecessor-version":[{"id":5201,"href":"https:\/\/turismonoar.com.br\/index.php\/wp-json\/wp\/v2\/posts\/5199\/revisions\/5201"}],"wp:featuredmedia":[{"embeddable":true,"href":"https:\/\/turismonoar.com.br\/index.php\/wp-json\/wp\/v2\/media\/5200"}],"wp:attachment":[{"href":"https:\/\/turismonoar.com.br\/index.php\/wp-json\/wp\/v2\/media?parent=5199"}],"wp:term":[{"taxonomy":"category","embeddable":true,"href":"https:\/\/turismonoar.com.br\/index.php\/wp-json\/wp\/v2\/categories?post=5199"},{"taxonomy":"post_tag","embeddable":true,"href":"https:\/\/turismonoar.com.br\/index.php\/wp-json\/wp\/v2\/tags?post=5199"}],"curies":[{"name":"wp","href":"https:\/\/api.w.org\/{rel}","templated":true}]}}